{"id":8636,"date":"2021-09-20T09:23:12","date_gmt":"2021-09-20T07:23:12","guid":{"rendered":"http:\/\/deltanet.hu\/?p=8636"},"modified":"2021-09-20T09:23:15","modified_gmt":"2021-09-20T07:23:15","slug":"a-technologia-igenis-segit","status":"publish","type":"post","link":"https:\/\/deltanet.hu\/index.php\/a-technologia-igenis-segit\/","title":{"rendered":"A technol\u00f3gia igenis seg\u00edt"},"content":{"rendered":"\n<p>J\u00f3 vagy rossz a digit\u00e1lis oktat\u00e1s? Jav\u00edt vagy ront az es\u00e9lyegyenl\u0151s\u00e9gen? Lehet-e hat\u00e9konyan tan\u00edtani csoportos videocsetben? Mivel a pand\u00e9mia miatt \u00f6ssznemzeti tapasztalat lett a t\u00e1vmunka-t\u00e1voktat\u00e1s, szinte minden orsz\u00e1gban zajlik a vita err\u0151l, \u00e9s a k\u00e9sz\u00fcl\u0151d\u0151 negyedik hull\u00e1m k\u00fcsz\u00f6b\u00e9n mindenhol igyekeznek megvonni az elm\u00falt m\u00e1sf\u00e9l-k\u00e9t \u00e9v m\u00e9rleg\u00e9t.<\/p>\n\n\n\n<p>Egy angol k\u00f6z\u00e9piskolai tan\u00e1r nem finomkodik: a hibrid oktat\u00e1s sz\u00edv\u00e1s, \u00edrja vitacikk\u00e9ben. \u0150 a j\u00e1rv\u00e1ny alatt gyakornokk\u00e9nt dolgozott egy nagy d\u00e9lkelet-angliai k\u00f6z\u00e9piskol\u00e1ban, ahol k\u00e9tezer 11 \u00e9s 18 \u00e9v k\u00f6z\u00f6tti di\u00e1k tanult.<\/p>\n\n\n\n<p>\u00c1rnyaltabban fogalmaz egy egyetemi oktat\u00f3, aki digit\u00e1lis jogokat tan\u00edt. Arra h\u00edvja fel a figyelmet, hogy az internetnek nincs s\u00f6t\u00e9t vagy vil\u00e1gos oldala: az internet csup\u00e1n egy olyan h\u00e1l\u00f3zati \u00e9s sz\u00e1m\u00edt\u00f3g\u00e9pes infrastrukt\u00fara, ami lehet\u0151v\u00e9 teszi a glob\u00e1lis kommunik\u00e1ci\u00f3t.<\/p>\n\n\n\n<p>Az esetleges \u00e1rnyoldalak nem technol\u00f3gia gy\u00f6ker\u0171ek, hanem az interneten tev\u00e9kenyked\u0151k magatart\u00e1s\u00e1nak eredm\u00e9nyei. \u00c9s ez szerinte igaz az oktat\u00e1sra is.<\/p>\n\n\n\n<p>Nem \u00f6nmag\u00e1ban az internet t\u00e1g\u00edtja vagy sz\u0171k\u00edti az oktat\u00e1sban tapasztalhat\u00f3 szakad\u00e9kot. Az internetre is igaznak v\u00e9li a neves amerikai kutat\u00f3 azon kijelent\u00e9s\u00e9t, miszerint a szoftverek nem oldj\u00e1k meg a t\u00e1rsadalmi probl\u00e9m\u00e1kat.<\/p>\n\n\n\n<p>Szerinte az oktat\u00e1sban elk\u00e9peszt\u0151en sok lehet\u0151s\u00e9get nyit a technol\u00f3gia. P\u00e9ld\u00e1ul a csetszolg\u00e1ltat\u00e1sok seg\u00edtenek a nyelvi korl\u00e1tok \u00e1thidal\u00e1s\u00e1ban, seg\u00edthet megnyilatkozni olyan di\u00e1kokat, akik egy oszt\u00e1lyteremben, m\u00e1sok el\u0151tt nem \u00e9rzik magukat el\u00e9g magabiztosnak, hogy kifejts\u00e9k v\u00e9lem\u00e9ny\u00fcket.<\/p>\n\n\n\n<p>Vagy p\u00e9ld\u00e1ul lehet r\u00f6gz\u00edteni a megbesz\u00e9l\u00e9seket, hogy k\u00e9s\u0151bb \u00fajra lej\u00e1tszva jobban meg\u00e9rts\u00e9k a di\u00e1kok az elhangzottakat, vagy a saj\u00e1t temp\u00f3jukban jegyzeteket k\u00e9sz\u00edthessenek bel\u0151le.<\/p>\n\n\n\n<p>Forr\u00e1s: https:\/\/bitport.hu\/mashol-is-megy-szajtepes-a-digitalis-oktatasr ol<\/p>\n","protected":false},"excerpt":{"rendered":"<p>J\u00f3 vagy rossz a digit\u00e1lis oktat\u00e1s? Jav\u00edt vagy ront az es\u00e9lyegyenl\u0151s\u00e9gen? Lehet-e hat\u00e9konyan tan\u00edtani csoportos videocsetben? Mivel a pand\u00e9mia miatt \u00f6ssznemzeti tapasztalat lett a t\u00e1vmunka-t\u00e1voktat\u00e1s,<\/p>\n","protected":false},"author":4,"featured_media":8637,"comment_status":"closed","ping_status":"closed","sticky":false,"template":"","format":"standard","meta":{"_mi_skip_tracking":false},"categories":[36,700,35,4,30,284,37,699,1,701,34,33],"tags":[1143,1142,40,182],"_links":{"self":[{"href":"https:\/\/deltanet.hu\/index.php\/wp-json\/wp\/v2\/posts\/8636"}],"collection":[{"href":"https:\/\/deltanet.hu\/index.php\/wp-json\/wp\/v2\/posts"}],"about":[{"href":"https:\/\/deltanet.hu\/index.php\/wp-json\/wp\/v2\/types\/post"}],"author":[{"embeddable":true,"href":"https:\/\/deltanet.hu\/index.php\/wp-json\/wp\/v2\/users\/4"}],"replies":[{"embeddable":true,"href":"https:\/\/deltanet.hu\/index.php\/wp-json\/wp\/v2\/comments?post=8636"}],"version-history":[{"count":1,"href":"https:\/\/deltanet.hu\/index.php\/wp-json\/wp\/v2\/posts\/8636\/revisions"}],"predecessor-version":[{"id":8638,"href":"https:\/\/deltanet.hu\/index.php\/wp-json\/wp\/v2\/posts\/8636\/revisions\/8638"}],"wp:featuredmedia":[{"embeddable":true,"href":"https:\/\/deltanet.hu\/index.php\/wp-json\/wp\/v2\/media\/8637"}],"wp:attachment":[{"href":"https:\/\/deltanet.hu\/index.php\/wp-json\/wp\/v2\/media?parent=8636"}],"wp:term":[{"taxonomy":"category","embeddable":true,"href":"https:\/\/deltanet.hu\/index.php\/wp-json\/wp\/v2\/categories?post=8636"},{"taxonomy":"post_tag","embeddable":true,"href":"https:\/\/deltanet.hu\/index.php\/wp-json\/wp\/v2\/tags?post=8636"}],"curies":[{"name":"wp","href":"https:\/\/api.w.org\/{rel}","templated":true}]}}