{"id":8687,"date":"2021-12-13T09:12:39","date_gmt":"2021-12-13T08:12:39","guid":{"rendered":"http:\/\/deltanet.hu\/?p=8687"},"modified":"2021-12-13T09:12:41","modified_gmt":"2021-12-13T08:12:41","slug":"megsem-korlatlan-a-telekom-mobilnete","status":"publish","type":"post","link":"https:\/\/deltanet.hu\/index.php\/megsem-korlatlan-a-telekom-mobilnete\/","title":{"rendered":"M\u00e9gsem korl\u00e1tlan a Telekom mobilnete"},"content":{"rendered":"\n<p>A Gazdas\u00e1gi Versenyhivatal 2020. v\u00e9g\u00e9n ind\u00edtott vizsg\u00e1latot a Magyar Telekommal szemben, mobilinternet-d\u00edjcsomagjainak n\u00e9pszer\u0171s\u00edt\u00e9se miatt.<\/p>\n\n\n\n<p>A c\u00e9g rekl\u00e1mjai ugyanis korl\u00e1tlans\u00e1got \u00edg\u00e9rtek a fogyaszt\u00f3knak p\u00e9ld\u00e1ul k\u00f6z\u00f6ss\u00e9gi m\u00e9diaszolg\u00e1ltat\u00e1sok, meghat\u00e1rozott chat-alkalmaz\u00e1sok vagy egyes TV- \u00e9s film applik\u00e1ci\u00f3k haszn\u00e1latakor p\u00e9ld\u00e1ul \u201eKorl\u00e1tlan mobilnet\u00fcnk meg\u00e1ll\u00edthatatlann\u00e1 tesz. V\u00e1laszd a hozz\u00e1d ill\u0151 korl\u00e1tlans\u00e1got!\u201d, vagy \u201eV\u00e1lassz korl\u00e1tlan k\u00f6z\u00f6ss\u00e9gi m\u00e9di\u00e1t!\u201d. Felmer\u00fclt ugyanakkor, hogy bizonyos esetekre nem vonatkozik a meghirdetett korl\u00e1tlans\u00e1g.<\/p>\n\n\n\n<p>A GVH d\u00f6nt\u00e9se meg\u00e1llap\u00edtotta, hogy a megt\u00e9veszt\u0151 gyakorlat nem csup\u00e1n az \u00e9rintett mobilcsomagok \u00e1r-\u00e9rt\u00e9k ar\u00e1ny\u00e1ra lehetett kihat\u00e1ssal, hanem befoly\u00e1solhatta a fogyaszt\u00f3k haszn\u00e1lati szok\u00e1sait is: pl. a sz\u0171k\u00edt\u00e9sek pontosabb tudat\u00e1ban a fogyaszt\u00f3k kev\u00e9sb\u00e9 intenz\u00edven haszn\u00e1lhatt\u00e1k volna az \u00e9rintett applik\u00e1ci\u00f3k korl\u00e1tlannak hitt funkci\u00f3it, vagy gyakrabban t\u00e9rnek \u00e1t a WiFi-h\u00e1l\u00f3zatra.<\/p>\n\n\n\n<p>A hat\u00f3s\u00e1g Versenytan\u00e1csa a fenti jogs\u00e9rt\u00e9sek miatt 310 milli\u00f3 forintos b\u00edrs\u00e1got szabott ki a jogs\u00e9rt\u00e9s\u00e9rt a Magyar Telekom Nyrt.-re, tekintettel t\u00f6bbek k\u00f6z\u00f6tt arra, hogy az elm\u00falt 10 \u00e9vben m\u00e1r tizedszer t\u00e9vesztette meg a fogyaszt\u00f3kat.<\/p>\n\n\n\n<p>A hat\u00f3s\u00e1g eltiltotta a v\u00e1llalkoz\u00e1st a gyakorlat folytat\u00e1s\u00e1t\u00f3l, emellett a fogyaszt\u00f3k kompenz\u00e1l\u00e1s\u00e1t c\u00e9lz\u00f3 j\u00f3v\u00e1t\u00e9teli csomagj\u00e1nak v\u00e9grehajt\u00e1s\u00e1ra k\u00f6telezte.<\/p>\n\n\n\n<p>Ennek keret\u00e9ben a b\u00edrs\u00e1gcs\u00f6kkent\u00e9s m\u00e9rt\u00e9k\u00e9t \u00f6sszess\u00e9g\u00e9ben t\u00f6bbsz\u00f6r\u00f6sen meghalad\u00f3 \u00e9rt\u00e9k\u0171, 4 Gigab\u00e1jt-nyi, 1 h\u00f3napig felhaszn\u00e1lhat\u00f3 plusz adatmennyis\u00e9get kap minden fogyaszt\u00f3, aki 2017.01.01. ut\u00e1n ig\u00e9nybe vett \u00e9s jelenleg is ig\u00e9nybe vesz a Telekomn\u00e1l korl\u00e1tlank\u00e9nt hirdetett opci\u00f3t, \u00e9s legal\u00e1bb egyszer el\u00e9rte a d\u00edjcsomagj\u00e1ban foglalt adatkeret\u00e9nek 100%-\u00e1t.<\/p>\n\n\n\n<p>Forr\u00e1s: https:\/\/www.hwsw.hu\/hirek\/64116\/magyar-telekom-korlatlan- mobilnet-flatrate-gvh-birsag-tematikus-opcio.html<\/p>\n","protected":false},"excerpt":{"rendered":"<p>A Gazdas\u00e1gi Versenyhivatal 2020. v\u00e9g\u00e9n ind\u00edtott vizsg\u00e1latot a Magyar Telekommal szemben, mobilinternet-d\u00edjcsomagjainak n\u00e9pszer\u0171s\u00edt\u00e9se miatt. A c\u00e9g rekl\u00e1mjai ugyanis korl\u00e1tlans\u00e1got \u00edg\u00e9rtek a fogyaszt\u00f3knak p\u00e9ld\u00e1ul k\u00f6z\u00f6ss\u00e9gi m\u00e9diaszolg\u00e1ltat\u00e1sok,<\/p>\n","protected":false},"author":4,"featured_media":8688,"comment_status":"closed","ping_status":"closed","sticky":false,"template":"","format":"standard","meta":{"_mi_skip_tracking":false},"categories":[35,4,30,284,701,34],"tags":[1160,1159,133,1158,1157],"_links":{"self":[{"href":"https:\/\/deltanet.hu\/index.php\/wp-json\/wp\/v2\/posts\/8687"}],"collection":[{"href":"https:\/\/deltanet.hu\/index.php\/wp-json\/wp\/v2\/posts"}],"about":[{"href":"https:\/\/deltanet.hu\/index.php\/wp-json\/wp\/v2\/types\/post"}],"author":[{"embeddable":true,"href":"https:\/\/deltanet.hu\/index.php\/wp-json\/wp\/v2\/users\/4"}],"replies":[{"embeddable":true,"href":"https:\/\/deltanet.hu\/index.php\/wp-json\/wp\/v2\/comments?post=8687"}],"version-history":[{"count":1,"href":"https:\/\/deltanet.hu\/index.php\/wp-json\/wp\/v2\/posts\/8687\/revisions"}],"predecessor-version":[{"id":8689,"href":"https:\/\/deltanet.hu\/index.php\/wp-json\/wp\/v2\/posts\/8687\/revisions\/8689"}],"wp:featuredmedia":[{"embeddable":true,"href":"https:\/\/deltanet.hu\/index.php\/wp-json\/wp\/v2\/media\/8688"}],"wp:attachment":[{"href":"https:\/\/deltanet.hu\/index.php\/wp-json\/wp\/v2\/media?parent=8687"}],"wp:term":[{"taxonomy":"category","embeddable":true,"href":"https:\/\/deltanet.hu\/index.php\/wp-json\/wp\/v2\/categories?post=8687"},{"taxonomy":"post_tag","embeddable":true,"href":"https:\/\/deltanet.hu\/index.php\/wp-json\/wp\/v2\/tags?post=8687"}],"curies":[{"name":"wp","href":"https:\/\/api.w.org\/{rel}","templated":true}]}}