{"id":8741,"date":"2022-01-04T11:48:11","date_gmt":"2022-01-04T10:48:11","guid":{"rendered":"http:\/\/deltanet.hu\/?p=8741"},"modified":"2022-01-04T11:48:14","modified_gmt":"2022-01-04T10:48:14","slug":"ki-nem-internetezett-meg-soha","status":"publish","type":"post","link":"https:\/\/deltanet.hu\/index.php\/ki-nem-internetezett-meg-soha\/","title":{"rendered":"Ki nem internetezett m\u00e9g soha?"},"content":{"rendered":"\n<p>A F\u00f6ld lakoss\u00e1g\u00e1nak k\u00f6r\u00fclbel\u00fcl 37 sz\u00e1zal\u00e9ka \u00e9let\u00e9ben soha nem haszn\u00e1lt internetet. Ahhoz k\u00e9pest, hogy az internet m\u00e1ra a gazdas\u00e1gi megker\u00fclhetetlen gerincvezet\u00e9k\u00e9v\u00e9 v\u00e1lt \u00e9s n\u00e9lk\u00fcl\u00f6zhetetlens\u00e9g\u00e9t legink\u00e1bb a jelent\u0151s biztons\u00e1gi incidensek vagy kiterjed m\u0171szaki hib\u00e1k mutatj\u00e1k meg, jelenleg is \u00e9l 2,9 milli\u00e1rd ember vil\u00e1gszerte, aki nem f\u00e9r hozz\u00e1, \u00edrja a Nemzetk\u00f6zi T\u00e1vk\u00f6zl\u00e9si Egyes\u00fclet a 2021-es \u00e9vet \u00f6sszegz\u0151 tanulm\u00e1ny\u00e1ban.<\/p>\n\n\n\n<p>A 2019-hez k\u00e9pest ez is l\u00e1tv\u00e1nyos javul\u00e1s: akkor a F\u00f6ld n\u00e9pess\u00e9g\u00e9nek 54 sz\u00e1zal\u00e9ka, 4,1 milli\u00e1rd ember volt becsatorn\u00e1zva a vil\u00e1gh\u00e1l\u00f3ba, most m\u00e1r 4,9 milli\u00e1rd.<\/p>\n\n\n\n<p>Az viszont l\u00e1tszik, hogy a pand\u00e9mia nagy l\u00f6k\u00e9st adott a haszn\u00e1latnak: 2020-ban 5 sz\u00e1zal\u00e9kponttal javult a mutat\u00f3, azaz k\u00f6r\u00fclbel\u00fcl f\u00e9lmilli\u00e1rd f\u0151vel t\u00f6bben neteztek, mint egy \u00e9vvel kor\u00e1bban. 2021-ben ehhez k\u00e9pest szolidabb volt a b\u0151v\u00fcl\u00e9s: 4 sz\u00e1zal\u00e9kpont amely k\u00f6r\u00fclbel\u00fcl 300 milli\u00f3 \u00fajabb netez\u0151t jelent.<\/p>\n\n\n\n<p>Az ITU szerint ha cs\u00f6kkent is, m\u00e9g mindig jelent\u0151sek a kapcsolatteremt\u00e9s k\u00e9pess\u00e9g\u00e9ben a r\u00e9gi\u00f3k k\u00f6z\u00f6tti egyenl\u0151tlens\u00e9geket. Annak a 2,9 milli\u00e1rd embernek a t\u00f6bbs\u00e9ge, amely nem jut nethez, a fejl\u0151d\u0151 orsz\u00e1gokban \u00e9l.<\/p>\n\n\n\n<p>R\u00e1ad\u00e1sul a 4,9 milli\u00e1rd netez\u0151 k\u00f6z\u00fcl sok sz\u00e1zmilli\u00f3an ritk\u00e1n, m\u00e1sokkal k\u00f6z\u00f6sen haszn\u00e1lt eszk\u00f6z\u00f6kkel, nagyon alacsony sebess\u00e9ggel kapcsol\u00f3dnak a vil\u00e1gh\u00e1l\u00f3hoz.<\/p>\n\n\n\n<p>B\u00e1r az elm\u00falt k\u00e9t \u00e9v f\u0151leg a fejl\u0151d\u0151 orsz\u00e1gok felz\u00e1rk\u00f3z\u00e1s\u00e1r\u00f3l sz\u00f3lt, a 2,9 milli\u00e1rd nett\u0151l elz\u00e1rt ember k\u00f6z\u00fcl k\u00f6zel 400 milli\u00f3an halmozottan h\u00e1tr\u00e1nyos helyzet\u0171ek, ugyanis olyan helyen \u00e9lnek, ahol mobilh\u00e1l\u00f3zat sincs.<\/p>\n\n\n\n<p>Az \u00e1zsiai \u00e9s csendes-\u00f3ce\u00e1ni t\u00e9rs\u00e9gben, valamint Afrik\u00e1ban 24, illetve 23 sz\u00e1zal\u00e9kkal n\u0151tt az internetez\u0151k ar\u00e1nya, m\u00edg a legkev\u00e9sb\u00e9 fejlett orsz\u00e1gokban 20 sz\u00e1zal\u00e9kos volt a b\u0151v\u00fcl\u00e9s.<\/p>\n\n\n\n<p>Forr\u00e1s: https:\/\/bitport.hu\/on-szerint-hany-ember-nem-hasznalt-meg-so ha-eleteben-netet<\/p>\n","protected":false},"excerpt":{"rendered":"<p>A F\u00f6ld lakoss\u00e1g\u00e1nak k\u00f6r\u00fclbel\u00fcl 37 sz\u00e1zal\u00e9ka \u00e9let\u00e9ben soha nem haszn\u00e1lt internetet. Ahhoz k\u00e9pest, hogy az internet m\u00e1ra a gazdas\u00e1gi megker\u00fclhetetlen gerincvezet\u00e9k\u00e9v\u00e9 v\u00e1lt \u00e9s n\u00e9lk\u00fcl\u00f6zhetetlens\u00e9g\u00e9t legink\u00e1bb<\/p>\n","protected":false},"author":4,"featured_media":8742,"comment_status":"closed","ping_status":"closed","sticky":false,"template":"","format":"standard","meta":{"_mi_skip_tracking":false},"categories":[36,700,35,4,30,284,698,702,37,699,1,701,34,33],"tags":[40,88,216,182,387],"_links":{"self":[{"href":"https:\/\/deltanet.hu\/index.php\/wp-json\/wp\/v2\/posts\/8741"}],"collection":[{"href":"https:\/\/deltanet.hu\/index.php\/wp-json\/wp\/v2\/posts"}],"about":[{"href":"https:\/\/deltanet.hu\/index.php\/wp-json\/wp\/v2\/types\/post"}],"author":[{"embeddable":true,"href":"https:\/\/deltanet.hu\/index.php\/wp-json\/wp\/v2\/users\/4"}],"replies":[{"embeddable":true,"href":"https:\/\/deltanet.hu\/index.php\/wp-json\/wp\/v2\/comments?post=8741"}],"version-history":[{"count":1,"href":"https:\/\/deltanet.hu\/index.php\/wp-json\/wp\/v2\/posts\/8741\/revisions"}],"predecessor-version":[{"id":8743,"href":"https:\/\/deltanet.hu\/index.php\/wp-json\/wp\/v2\/posts\/8741\/revisions\/8743"}],"wp:featuredmedia":[{"embeddable":true,"href":"https:\/\/deltanet.hu\/index.php\/wp-json\/wp\/v2\/media\/8742"}],"wp:attachment":[{"href":"https:\/\/deltanet.hu\/index.php\/wp-json\/wp\/v2\/media?parent=8741"}],"wp:term":[{"taxonomy":"category","embeddable":true,"href":"https:\/\/deltanet.hu\/index.php\/wp-json\/wp\/v2\/categories?post=8741"},{"taxonomy":"post_tag","embeddable":true,"href":"https:\/\/deltanet.hu\/index.php\/wp-json\/wp\/v2\/tags?post=8741"}],"curies":[{"name":"wp","href":"https:\/\/api.w.org\/{rel}","templated":true}]}}