{"id":8767,"date":"2022-01-10T09:07:15","date_gmt":"2022-01-10T08:07:15","guid":{"rendered":"http:\/\/deltanet.hu\/?p=8767"},"modified":"2022-01-10T09:07:18","modified_gmt":"2022-01-10T08:07:18","slug":"veget-er-a-telekom-muholdas-teveje","status":"publish","type":"post","link":"https:\/\/deltanet.hu\/index.php\/veget-er-a-telekom-muholdas-teveje\/","title":{"rendered":"V\u00e9get \u00e9r a Telekom m\u0171holdas t\u00e9v\u00e9je"},"content":{"rendered":"\n<p>Janu\u00e1r 21-\u00e9vel kivezeti k\u00edn\u00e1lat\u00e1b\u00f3l a m\u0171holdas t\u00e9v\u00e9szolg\u00e1ltat\u00e1st a Magyar Telekom, a szolg\u00e1ltat\u00f3n\u00e1l \u00edgy ett\u0151l az id\u0151pontt\u00f3l m\u00e1r csak IP-alap\u00fa t\u00e9v\u00e9s el\u0151fizet\u00e9st k\u00f6thetnek az \u00faj \u00fcgyfelek &#8211; der\u00fcl ki a v\u00e1llalat weboldal\u00e1n tal\u00e1lhat\u00f3 t\u00e1j\u00e9koztat\u00f3b\u00f3l.<\/p>\n\n\n\n<p>A megl\u00e9v\u0151 Sat TV el\u0151fizet\u0151k ugyanakkor tov\u00e1bbra is v\u00e1ltozatlan felt\u00e9telek mellett haszn\u00e1lhatj\u00e1k a szolg\u00e1ltat\u00e1st &#8211; hogy pontosan meddig, az egyel\u0151re nem tiszt\u00e1zott.<\/p>\n\n\n\n<p>A szolg\u00e1ltat\u00f3 m\u0171holdas t\u00e9v\u00e9platformja jelenleg annak a SpaceComnak az infrastrukt\u00far\u00e1j\u00e1t haszn\u00e1lja, melyben a tervek szerint r\u00f6videsen t\u00f6bbs\u00e9gi tulajdont szerezhet a Digi-t nemr\u00e9giben felv\u00e1s\u00e1rl\u00f3 4iG.<\/p>\n\n\n\n<p>A Magyar Telekomn\u00e1l 2008 \u00f3ta \u00e9rhet\u0151 el a m\u0171holdas t\u00e9v\u00e9szolg\u00e1lat\u00e1s, a c\u00e9g pedig csaknem egy \u00e9vtizede vezette be k\u00edn\u00e1lat\u00e1ba az interakt\u00edv Sat TV platformot, hogy az akkoriban m\u00e1r egy\u00e9rtelm\u0171en favoriz\u00e1lt IPTV-vel h\u00e1zon bel\u00fcl fel tudja venni a versenyt.<\/p>\n\n\n\n<p>A vezet\u00e9kes h\u00e1l\u00f3zat folyamatos fejleszt\u00e9s\u00e9nek k\u00f6sz\u00f6nhet\u0151en ugyanakkor hamar nyilv\u00e1nval\u00f3v\u00e1 v\u00e1lt, hogy a dr\u00e1g\u00e1n fenntarthat\u00f3 m\u0171holdas t\u00e9v\u00e9t legfeljebb olyan ter\u00fcleteken \u00e9rdemes az el\u0151fizet\u0151k sz\u00e1m\u00e1ra aj\u00e1nlani, ahol IPTV-s v\u00e9gpont b\u00e1rmilyen okb\u00f3l nem l\u00e9tes\u00edthet\u0151.<\/p>\n\n\n\n<p>E vez\u00e9relv jegy\u00e9ben \u00f6t \u00e9vvel ezel\u0151tt a szolg\u00e1ltat\u00f3 el\u0151sz\u00f6r megfosztotta a Sat TV csomagokat a fentebb eml\u00edtett interakt\u00edv funkci\u00f3t\u00f3l, majd k\u00e9s\u0151bb fokozatosan csak korl\u00e1tozottan tette el\u00e9rhet\u0151v\u00e9 az el\u0151fizet\u0151knek.<\/p>\n\n\n\n<p>Janu\u00e1r 21-\u00e9vel v\u00e9gleg b\u00facs\u00fazik a platform a Telekom k\u00edn\u00e1lat\u00e1b\u00f3l, vagyis ett\u0151l az id\u0151pontt\u00f3l \u00faj el\u0151fizet\u00e9s nem k\u00f6thet\u0151 majd a Sat TV-re. A Telekom a t\u00e9v\u00e9s portf\u00f3li\u00f3 harmadik pill\u00e9r\u00e9t, a digit\u00e1lis k\u00e1belt\u00e9v\u00e9t m\u00e1r j\u00f3val kor\u00e1bban, 2014 nyar\u00e1n elkasz\u00e1lta.<\/p>\n\n\n\n<p>Forr\u00e1s: https:\/\/www.hwsw.hu\/hirek\/64181\/telekom-sat-tv-muhold-teve- interaktiv-iptv.html<\/p>\n","protected":false},"excerpt":{"rendered":"<p>Janu\u00e1r 21-\u00e9vel kivezeti k\u00edn\u00e1lat\u00e1b\u00f3l a m\u0171holdas t\u00e9v\u00e9szolg\u00e1ltat\u00e1st a Magyar Telekom, a szolg\u00e1ltat\u00f3n\u00e1l \u00edgy ett\u0151l az id\u0151pontt\u00f3l m\u00e1r csak IP-alap\u00fa t\u00e9v\u00e9s el\u0151fizet\u00e9st k\u00f6thetnek az \u00faj \u00fcgyfelek<\/p>\n","protected":false},"author":4,"featured_media":8768,"comment_status":"closed","ping_status":"closed","sticky":false,"template":"","format":"standard","meta":{"_mi_skip_tracking":false},"categories":[36,35,4,30,37,701,34],"tags":[1198,1197,1199],"_links":{"self":[{"href":"https:\/\/deltanet.hu\/index.php\/wp-json\/wp\/v2\/posts\/8767"}],"collection":[{"href":"https:\/\/deltanet.hu\/index.php\/wp-json\/wp\/v2\/posts"}],"about":[{"href":"https:\/\/deltanet.hu\/index.php\/wp-json\/wp\/v2\/types\/post"}],"author":[{"embeddable":true,"href":"https:\/\/deltanet.hu\/index.php\/wp-json\/wp\/v2\/users\/4"}],"replies":[{"embeddable":true,"href":"https:\/\/deltanet.hu\/index.php\/wp-json\/wp\/v2\/comments?post=8767"}],"version-history":[{"count":1,"href":"https:\/\/deltanet.hu\/index.php\/wp-json\/wp\/v2\/posts\/8767\/revisions"}],"predecessor-version":[{"id":8769,"href":"https:\/\/deltanet.hu\/index.php\/wp-json\/wp\/v2\/posts\/8767\/revisions\/8769"}],"wp:featuredmedia":[{"embeddable":true,"href":"https:\/\/deltanet.hu\/index.php\/wp-json\/wp\/v2\/media\/8768"}],"wp:attachment":[{"href":"https:\/\/deltanet.hu\/index.php\/wp-json\/wp\/v2\/media?parent=8767"}],"wp:term":[{"taxonomy":"category","embeddable":true,"href":"https:\/\/deltanet.hu\/index.php\/wp-json\/wp\/v2\/categories?post=8767"},{"taxonomy":"post_tag","embeddable":true,"href":"https:\/\/deltanet.hu\/index.php\/wp-json\/wp\/v2\/tags?post=8767"}],"curies":[{"name":"wp","href":"https:\/\/api.w.org\/{rel}","templated":true}]}}