{"id":8839,"date":"2022-01-24T08:45:49","date_gmt":"2022-01-24T07:45:49","guid":{"rendered":"http:\/\/deltanet.hu\/?p=8839"},"modified":"2022-01-24T08:45:51","modified_gmt":"2022-01-24T07:45:51","slug":"europa-kimarad-az-5g-s-konfliktusbol","status":"publish","type":"post","link":"https:\/\/deltanet.hu\/index.php\/europa-kimarad-az-5g-s-konfliktusbol\/","title":{"rendered":"Eur\u00f3pa kimarad az 5G-s konfliktusb\u00f3l"},"content":{"rendered":"\n<p>Az Egyes\u00fclt \u00c1llamok l\u00e9gik\u00f6zleked\u00e9s\u00e9ben kaotikus \u00e1llapotokat okozott, mikor k\u00e9t helyi mobilszolg\u00e1ltat\u00f3 bejelentette, hogy nem v\u00e1r tov\u00e1bb, \u00e9s janu\u00e1r 19-\u00e9vel bekapcsolja az els\u0151 olyan 5G-s \u00e1llom\u00e1sokat, melyek a C-s\u00e1vban \u00fczemelnek &#8211; az amerikai l\u00e9g\u00fcgyi hat\u00f3s\u00e1g erre megkongatta a v\u00e9szharangot.<\/p>\n\n\n\n<p>Egy nappal az antenn\u00e1k tervezett bekapcsol\u00e1sa el\u0151tt a nagyobb amerikai l\u00e9git\u00e1rsas\u00e1gok egyenesen katasztrof\u00e1lis k\u00f6vetkezm\u00e9nyeket vet\u00edtettek el\u0151re arra az esetre, ha az 5G-s cell\u00e1kat \u00e9les\u00edtik a szolg\u00e1ltat\u00f3k, ezzel p\u00e1rhuzamosan t\u00f6bb k\u00fclf\u00f6ldi l\u00e9git\u00e1rsas\u00e1g is k\u00f6z\u00f6lte, hogy bizonyos t\u00edpus\u00fa rep\u00fcl\u0151g\u00e9pek a bekapcsol\u00e1st k\u00f6vet\u0151en nem rep\u00fclnek majd egyes&nbsp;amerikai rep\u00fcl\u0151terekre.<\/p>\n\n\n\n<p>A probl\u00e9ma gy\u00f6ker\u00e9t az Egyes\u00fclt \u00c1llamokban alapvet\u0151en az jelenti, hogy a modern 5G-s h\u00e1l\u00f3zatok \u00e1ltal haszn\u00e1lt egyes spektrumszeletek \u00e9s a t\u00f6bbek k\u00f6zt a polg\u00e1ri l\u00e9gi k\u00f6zleked\u00e9sben m\u0171k\u00f6d\u0151 r\u00e1di\u00f3frekvenci\u00e1s magass\u00e1gm\u00e9r\u0151k \u00e1ltal haszn\u00e1lt frekvencia tartom\u00e1ny k\u00f6zel van egym\u00e1shoz.<\/p>\n\n\n\n<p>B\u00e1r norm\u00e1l esetben a v\u00e9d\u0151s\u00e1v elegend\u0151 kellene legyen, viszont a berendez\u00e9sek jelenlegi sz\u0171r\u0151karakterisztik\u00e1ja miatt fenn\u00e1llhat az interferencia kock\u00e1zata, amire a l\u00e9gik\u00f6zleked\u00e9s biztons\u00e1g\u00e1t mindenkor szavatolni hivatott amerikai l\u00e9g\u00fcgyi hat\u00f3s\u00e1g \u00e9rthet\u0151 m\u00f3don meglehet\u0151sen \u00e9rz\u00e9kenyen reag\u00e1lt.<\/p>\n\n\n\n<p>Fontos lesz\u00f6gezni ugyanakkor, hogy az 5G-s s\u00e1vok kioszt\u00e1sa m\u00e1shol alapvet\u0151en elt\u00e9rhet az amerikait\u00f3l, \u00edgy pl. Eur\u00f3p\u00e1ban is valamivel alacsonyabb s\u00e1vban m\u0171k\u00f6dhetnek az 5G-technol\u00f3gia bevezet\u00e9s\u00e9re is alkalmas mobil sz\u00e9less\u00e1v\u00fa h\u00e1l\u00f3zatok.<\/p>\n\n\n\n<p>Eur\u00f3pa nagyv\u00e1rosaiban m\u00e1r \u00e9vek \u00f3ta m\u0171k\u00f6dnek 5G-s mobilh\u00e1l\u00f3zatok ebben a s\u00e1vban a l\u00e9gik\u00f6zleked\u00e9s b\u00e1rminem\u0171 zavar\u00e1sa n\u00e9lk\u00fcl, \u00edgy j\u00f3 es\u00e9llyel kijelenthet\u0151, hogy a probl\u00e9ma ha l\u00e9tezik is, kor\u00e1ntsem olyan akut, mint az USA-ban.<\/p>\n\n\n\n<p>Forr\u00e1s: https:\/\/www.hwsw.hu\/hirek\/64237\/faa-att-verizon-c-band-5g-le gikozlekedes-fcc-repuloter-mobilhalozat-radalt-frekvencia-interf erencia-vedosav-nmhh.html<\/p>\n","protected":false},"excerpt":{"rendered":"<p>Az Egyes\u00fclt \u00c1llamok l\u00e9gik\u00f6zleked\u00e9s\u00e9ben kaotikus \u00e1llapotokat okozott, mikor k\u00e9t helyi mobilszolg\u00e1ltat\u00f3 bejelentette, hogy nem v\u00e1r tov\u00e1bb, \u00e9s janu\u00e1r 19-\u00e9vel bekapcsolja az els\u0151 olyan 5G-s \u00e1llom\u00e1sokat,<\/p>\n","protected":false},"author":4,"featured_media":8840,"comment_status":"closed","ping_status":"closed","sticky":false,"template":"","format":"standard","meta":{"_mi_skip_tracking":false},"categories":[36,35,4,30,284,698,37,701,34],"tags":[209,1167,1213,426,487,1212],"_links":{"self":[{"href":"https:\/\/deltanet.hu\/index.php\/wp-json\/wp\/v2\/posts\/8839"}],"collection":[{"href":"https:\/\/deltanet.hu\/index.php\/wp-json\/wp\/v2\/posts"}],"about":[{"href":"https:\/\/deltanet.hu\/index.php\/wp-json\/wp\/v2\/types\/post"}],"author":[{"embeddable":true,"href":"https:\/\/deltanet.hu\/index.php\/wp-json\/wp\/v2\/users\/4"}],"replies":[{"embeddable":true,"href":"https:\/\/deltanet.hu\/index.php\/wp-json\/wp\/v2\/comments?post=8839"}],"version-history":[{"count":1,"href":"https:\/\/deltanet.hu\/index.php\/wp-json\/wp\/v2\/posts\/8839\/revisions"}],"predecessor-version":[{"id":8841,"href":"https:\/\/deltanet.hu\/index.php\/wp-json\/wp\/v2\/posts\/8839\/revisions\/8841"}],"wp:featuredmedia":[{"embeddable":true,"href":"https:\/\/deltanet.hu\/index.php\/wp-json\/wp\/v2\/media\/8840"}],"wp:attachment":[{"href":"https:\/\/deltanet.hu\/index.php\/wp-json\/wp\/v2\/media?parent=8839"}],"wp:term":[{"taxonomy":"category","embeddable":true,"href":"https:\/\/deltanet.hu\/index.php\/wp-json\/wp\/v2\/categories?post=8839"},{"taxonomy":"post_tag","embeddable":true,"href":"https:\/\/deltanet.hu\/index.php\/wp-json\/wp\/v2\/tags?post=8839"}],"curies":[{"name":"wp","href":"https:\/\/api.w.org\/{rel}","templated":true}]}}