{"id":8845,"date":"2022-01-24T08:55:15","date_gmt":"2022-01-24T07:55:15","guid":{"rendered":"http:\/\/deltanet.hu\/?p=8845"},"modified":"2022-01-24T08:55:17","modified_gmt":"2022-01-24T07:55:17","slug":"a-facebook-europai-adatkozpontot-epit","status":"publish","type":"post","link":"https:\/\/deltanet.hu\/index.php\/a-facebook-europai-adatkozpontot-epit\/","title":{"rendered":"A Facebook eur\u00f3pai adatk\u00f6zpontot \u00e9p\u00edt"},"content":{"rendered":"\n<p>A Facebook eddigi legnagyobb eur\u00f3pai adatk\u00f6zpontja fel\u00e9p\u00edt\u00e9s\u00e9n f\u00e1radozik, de eddig sz\u00e1mos neh\u00e9zs\u00e9gbe \u00fctk\u00f6z\u00f6tt a helysz\u00ednv\u00e1laszt\u00e1s \u00e9s telekv\u00e1s\u00e1rl\u00e1s tekintet\u00e9ben.<\/p>\n\n\n\n<p>Az adatk\u00f6zpont egy k\u00fcl\u00f6nleges k\u00f6rnyezet, ami sz\u00e1m\u00edt\u00f3g\u00e9pszob\u00e1kb\u00f3l \u00e1ll, a rackszekr\u00e9nyek mellett k\u00fcl\u00f6nf\u00e9le rendszerez\u0151k tal\u00e1lhat\u00f3k benne a sz\u00fcks\u00e9ges k\u00e1belekkel. K\u00fcl\u00f6n\u00e1ll\u00f3 \u00e9p\u00fcletek, amik l\u00e9nyege, hogy ott biztons\u00e1gosan \u00fczemelhessenek a szerverek.<\/p>\n\n\n\n<p>A Facebook egy 166 hekt\u00e1ros ter\u00fcletre vetett szemet egy viszonylag fiatal \u00e9s apr\u00f3 k\u00f6zs\u00e9gben, ami a hollandiai Flevoland tartom\u00e1nyban helyezkedik el. A Facebook t\u00f6bb dolog miatt is v\u00e1lasztotta ezt a helysz\u00ednt: Hollandia az egyik legnagyobb ad\u00f3paradicsom, illetve sz\u00e1mos transzatlanti k\u00e1bel csatlakozik hozz\u00e1, az internetkapcsolat min\u0151s\u00e9ge is remek.<\/p>\n\n\n\n<p>A helyi lakoss\u00e1g azonban nem fogadta kit\u00f6r\u0151 \u00f6r\u00f6mmel, hogy az \u00f6nkorm\u00e1nyzat megszavazta a ter\u00fclet elad\u00e1s\u00e1t a Facebook felh\u0151alap\u00fa projektj\u00e9hez, \u00e9s mint kider\u00fclt, nem is k\u00f6zvetlen\u00fcl a Facebookkal vagy a Met\u00e1val t\u00e1rgyaltak, hanem a Tulip nev\u0171 c\u00e9ggel.<\/p>\n\n\n\n<p>A c\u00e9get a Facebook kifejezetten az\u00e9rt regisztr\u00e1lta be, hogy ne lehessen azonos\u00edtani \u0151ket, \u00e9s ne kapjon visszhangot a projekt. A Facebook elmond\u00e1sa szerint szerett\u00e9k volna kik\u00fcsz\u00f6b\u00f6lni a tan\u00e1cstagok esetleges elfogults\u00e1g\u00e1t, \u00e9s a k\u00f6z\u00f6ss\u00e9g is ellenzi, hogy a ter\u00fcletre adatk\u00f6zpontot h\u00fazzanak fel, ami nem mellesleg a nehezen megtermelt z\u00f6ldenergia jelent\u0151s r\u00e9sz\u00e9t is felsz\u00edvn\u00e1.<\/p>\n\n\n\n<p>Ut\u00f3bbi nem elhanyagolhat\u00f3 probl\u00e9ma, mivel az \u00f6nkorm\u00e1nyzat energiaell\u00e1t\u00e1s\u00e1nak nagyr\u00e9sz\u00e9t k\u00f6zel 400 sz\u00e9lmalom fedezi, a Facebook adatk\u00f6zpontja pedig k\u00f6zel k\u00e9tszer annyi energi\u00e1t em\u00e9sztene fel, mint az eg\u00e9sz telep\u00fcl\u00e9s, \u00edgy tov\u00e1bbi sz\u00e9lmalmokat, k\u00f6r\u00fclbel\u00fcl 140-et kellene \u00e9p\u00edteni.<\/p>\n\n\n\n<p>Forr\u00e1s: https:\/\/24.hu\/tech\/2022\/01\/12\/facebook-adatkozpont-hollandi a\/<\/p>\n","protected":false},"excerpt":{"rendered":"<p>A Facebook eddigi legnagyobb eur\u00f3pai adatk\u00f6zpontja fel\u00e9p\u00edt\u00e9s\u00e9n f\u00e1radozik, de eddig sz\u00e1mos neh\u00e9zs\u00e9gbe \u00fctk\u00f6z\u00f6tt a helysz\u00ednv\u00e1laszt\u00e1s \u00e9s telekv\u00e1s\u00e1rl\u00e1s tekintet\u00e9ben. Az adatk\u00f6zpont egy k\u00fcl\u00f6nleges k\u00f6rnyezet, ami sz\u00e1m\u00edt\u00f3g\u00e9pszob\u00e1kb\u00f3l<\/p>\n","protected":false},"author":4,"featured_media":8846,"comment_status":"closed","ping_status":"closed","sticky":false,"template":"","format":"standard","meta":{"_mi_skip_tracking":false},"categories":[36,35,4,30,284,701,34,33],"tags":[1218,271,216],"_links":{"self":[{"href":"https:\/\/deltanet.hu\/index.php\/wp-json\/wp\/v2\/posts\/8845"}],"collection":[{"href":"https:\/\/deltanet.hu\/index.php\/wp-json\/wp\/v2\/posts"}],"about":[{"href":"https:\/\/deltanet.hu\/index.php\/wp-json\/wp\/v2\/types\/post"}],"author":[{"embeddable":true,"href":"https:\/\/deltanet.hu\/index.php\/wp-json\/wp\/v2\/users\/4"}],"replies":[{"embeddable":true,"href":"https:\/\/deltanet.hu\/index.php\/wp-json\/wp\/v2\/comments?post=8845"}],"version-history":[{"count":1,"href":"https:\/\/deltanet.hu\/index.php\/wp-json\/wp\/v2\/posts\/8845\/revisions"}],"predecessor-version":[{"id":8847,"href":"https:\/\/deltanet.hu\/index.php\/wp-json\/wp\/v2\/posts\/8845\/revisions\/8847"}],"wp:featuredmedia":[{"embeddable":true,"href":"https:\/\/deltanet.hu\/index.php\/wp-json\/wp\/v2\/media\/8846"}],"wp:attachment":[{"href":"https:\/\/deltanet.hu\/index.php\/wp-json\/wp\/v2\/media?parent=8845"}],"wp:term":[{"taxonomy":"category","embeddable":true,"href":"https:\/\/deltanet.hu\/index.php\/wp-json\/wp\/v2\/categories?post=8845"},{"taxonomy":"post_tag","embeddable":true,"href":"https:\/\/deltanet.hu\/index.php\/wp-json\/wp\/v2\/tags?post=8845"}],"curies":[{"name":"wp","href":"https:\/\/api.w.org\/{rel}","templated":true}]}}