{"id":8848,"date":"2022-01-24T09:08:46","date_gmt":"2022-01-24T08:08:46","guid":{"rendered":"http:\/\/deltanet.hu\/?p=8848"},"modified":"2022-01-24T09:08:48","modified_gmt":"2022-01-24T08:08:48","slug":"bemutattak-a-legujabb-wi-fi-7-szabvanyt","status":"publish","type":"post","link":"https:\/\/deltanet.hu\/index.php\/bemutattak-a-legujabb-wi-fi-7-szabvanyt\/","title":{"rendered":"Bemutatt\u00e1k a leg\u00fajabb Wi-Fi 7 szabv\u00e1nyt"},"content":{"rendered":"\n<p>A vezet\u00e9k n\u00e9lk\u00fcli \u00f6sszek\u00f6ttet\u00e9sek kapcs\u00e1n a j\u00f6v\u0151ben tov\u00e1bbra is kiemelt szerep h\u00e1rul majd a Wi-Fi szabv\u00e1nyra, melynek \u00fajabb gener\u00e1ci\u00f3i rendre hat\u00e9konyabb, gyorsabb adat\u00e1tvitelt, ezzel egy\u00fctt hat\u00e9konyabb spektrum felhaszn\u00e1l\u00e1st \u00edg\u00e9rnek.<\/p>\n\n\n\n<p>B\u00e1r a jelenlegi, Wi-Fi 6 szabv\u00e1ny\u00fa els\u0151 eszk\u00f6z\u00f6k k\u00f6r\u00fclbel\u00fcl egy \u00e9ve ker\u00fcltek piacra, egy k\u00f6zb\u00fcls\u0151 l\u00e9p\u00e9s, a nagyobb spektrum mennyis\u00e9gre optimaliz\u00e1lt Wi-Fi 6 ut\u00e1n jav\u00e1ban m\u00e1r zajlott az \u00faj gener\u00e1ci\u00f3s szabv\u00e1ny, a Wi-Fi 7 fejleszt\u00e9se.<\/p>\n\n\n\n<p>Most a tajvani sz\u00e9khely\u0171 MediaTek f\u00e9lvezet\u0151gy\u00e1rt\u00f3 c\u00e9g ler\u00e1ntotta a leplet a Wi-Fi 7 technol\u00f3gi\u00e1r\u00f3l, melynek r\u00e9v\u00e9n 2,4-szer gyorsabb internetkapcsolat \u00e9rhet\u0151 el, mint a Wi-Fi 6 eset\u00e9ben.<\/p>\n\n\n\n<p>A v\u00e1llalat k\u00f6zlem\u00e9ny\u00e9b\u0151l kider\u00fclt, a Wi-Fi 7 szabv\u00e1nnyal felszerelt elektronikai cikkek v\u00e1rhat\u00f3an 2023-ban v\u00e1lnak el\u00e9rhet\u0151v\u00e9, megel\u0151legezve a k\u00f6vetkez\u0151 gener\u00e1ci\u00f3s Wi-Fi \u00e9rkez\u00e9s\u00e9t, ami el\u0151rel\u00e1that\u00f3lag 2024-ben lesz esed\u00e9kes.<\/p>\n\n\n\n<p>A Wi-Fi 7 technol\u00f3gia szupergyors sebess\u00e9get \u00e9s alacsony k\u00e9sleltet\u00e9si \u00e1tvitelt biztos\u00edt an\u00e9lk\u00fcl, hogy ehhez jelent\u0151sen m\u00f3dos\u00edtani kellene az okostelefonok, laptopok \u00e9s t\u00e1blag\u00e9pek bels\u0151 fel\u00e9p\u00edt\u00e9s\u00e9t \u00e9s komponenseit.<\/p>\n\n\n\n<p>A Wi-Fi 7 t\u00f6bb mint 30 gigabit per m\u00e1sodperces sebess\u00e9g el\u00e9r\u00e9s\u00e9re lesz k\u00e9pes, ami a Wi-Fi 6 maxim\u00e1lis, 9,6 gigabit per m\u00e1sodperces sebess\u00e9g\u00e9hez k\u00e9pest \u00f3ri\u00e1si el\u0151rel\u00e9p\u00e9st jelenthet.<\/p>\n\n\n\n<p>A Wi-Fi k\u00f6vetkez\u0151 gener\u00e1ci\u00f3ja t\u00e1mogatni fogja a felh\u0151alap\u00fa vide\u00f3j\u00e1t\u00e9kokat, a 8K streamel\u00e9st, ezenfel\u00fcl az \u00f6sszes rendelkez\u00e9sre \u00e1ll\u00f3 frekvenci\u00e1kkal kompatibilis lesz, bele\u00e9rtve a 2, 4, 5 \u00e9s 6 GigaHertz-es csatlakoz\u00e1sokat is.<\/p>\n\n\n\n<p>A MediaTek hozz\u00e1tette, a Wi-Fi 7 r\u00e9v\u00e9n l\u00e9nyeg\u00e9ben megsz\u0171nhet az Ethernet-k\u00e1belek sz\u00fcks\u00e9gess\u00e9ge, hiszen stabilit\u00e1st biztos\u00edthatnak azok sz\u00e1m\u00e1ra, akiknek felt\u00e9tlen\u00fcl fontos a vezet\u00e9k n\u00e9lk\u00fcli kapcsolat.<\/p>\n\n\n\n<p>Forr\u00e1s: <a href=\"https:\/\/liner.hu\/wi-fi-7-szabvany-technologia\/\">https:\/\/liner.hu\/wi-fi-7-szabvany-technologia\/<\/a><\/p>\n","protected":false},"excerpt":{"rendered":"<p>A vezet\u00e9k n\u00e9lk\u00fcli \u00f6sszek\u00f6ttet\u00e9sek kapcs\u00e1n a j\u00f6v\u0151ben tov\u00e1bbra is kiemelt szerep h\u00e1rul majd a Wi-Fi szabv\u00e1nyra, melynek \u00fajabb gener\u00e1ci\u00f3i rendre hat\u00e9konyabb, gyorsabb adat\u00e1tvitelt, ezzel egy\u00fctt<\/p>\n","protected":false},"author":4,"featured_media":8849,"comment_status":"closed","ping_status":"closed","sticky":false,"template":"","format":"standard","meta":{"_mi_skip_tracking":false},"categories":[36,35,4,30,284,37,701,34,33],"tags":[1224,1225,1223,1222,1221],"_links":{"self":[{"href":"https:\/\/deltanet.hu\/index.php\/wp-json\/wp\/v2\/posts\/8848"}],"collection":[{"href":"https:\/\/deltanet.hu\/index.php\/wp-json\/wp\/v2\/posts"}],"about":[{"href":"https:\/\/deltanet.hu\/index.php\/wp-json\/wp\/v2\/types\/post"}],"author":[{"embeddable":true,"href":"https:\/\/deltanet.hu\/index.php\/wp-json\/wp\/v2\/users\/4"}],"replies":[{"embeddable":true,"href":"https:\/\/deltanet.hu\/index.php\/wp-json\/wp\/v2\/comments?post=8848"}],"version-history":[{"count":1,"href":"https:\/\/deltanet.hu\/index.php\/wp-json\/wp\/v2\/posts\/8848\/revisions"}],"predecessor-version":[{"id":8850,"href":"https:\/\/deltanet.hu\/index.php\/wp-json\/wp\/v2\/posts\/8848\/revisions\/8850"}],"wp:featuredmedia":[{"embeddable":true,"href":"https:\/\/deltanet.hu\/index.php\/wp-json\/wp\/v2\/media\/8849"}],"wp:attachment":[{"href":"https:\/\/deltanet.hu\/index.php\/wp-json\/wp\/v2\/media?parent=8848"}],"wp:term":[{"taxonomy":"category","embeddable":true,"href":"https:\/\/deltanet.hu\/index.php\/wp-json\/wp\/v2\/categories?post=8848"},{"taxonomy":"post_tag","embeddable":true,"href":"https:\/\/deltanet.hu\/index.php\/wp-json\/wp\/v2\/tags?post=8848"}],"curies":[{"name":"wp","href":"https:\/\/api.w.org\/{rel}","templated":true}]}}