{"id":8859,"date":"2022-01-31T09:26:54","date_gmt":"2022-01-31T08:26:54","guid":{"rendered":"http:\/\/deltanet.hu\/?p=8859"},"modified":"2022-01-31T09:26:56","modified_gmt":"2022-01-31T08:26:56","slug":"yettel-neven-folytatja-a-telenor","status":"publish","type":"post","link":"https:\/\/deltanet.hu\/index.php\/yettel-neven-folytatja-a-telenor\/","title":{"rendered":"Yettel n\u00e9ven folytatja a Telenor"},"content":{"rendered":"\n<p>M\u00e1rciust\u00f3l \u00faj m\u00e1rka jelenik meg a magyar mobilpiacon, az el\u0151zetesen kisziv\u00e1rgott inform\u00e1ci\u00f3knak megfelel\u0151en ugyanis megv\u00e1lik k\u00f6zel 12 \u00e9ve haszn\u00e1lt els\u0151dleges m\u00e1rkanev\u00e9t\u0151l a Telenor Magyarorsz\u00e1g.<\/p>\n\n\n\n<p>A szolg\u00e1ltat\u00f3 ezt k\u00f6vet\u0151en Yettel n\u00e9ven m\u0171k\u00f6dik majd tov\u00e1bb Magyarorsz\u00e1g mellett Szerbi\u00e1ban \u00e9s Bulg\u00e1ri\u00e1ban is.<\/p>\n\n\n\n<p>A Telenor Magyarorsz\u00e1got 2018 j\u00falius\u00e1ban v\u00e1s\u00e1rolta meg a norv\u00e9g t\u00e1vk\u00f6zl\u00e9si multit\u00f3l egy cseh milli\u00e1rdos befektet\u0151i csoportja.<\/p>\n\n\n\n<p>Az ad\u00e1s-v\u00e9teli meg\u00e1llapod\u00e1s alapj\u00e1n az \u00faj tulajdonos a tulajdonszerz\u00e9st\u0151l sz\u00e1m\u00edtott 33 h\u00f3napig haszn\u00e1lhatta a Telenor m\u00e1rkanevet az \u00e9rintett piacokon.<\/p>\n\n\n\n<p>Ez a hat\u00e1rid\u0151 eredetileg tavaly m\u00e1rciusban j\u00e1rt volna le, \u00e1m a m\u00e1rkatulajdonos norv\u00e9g Telenor csoport \u00fajabb egy \u00e9vvel meghosszabb\u00edtotta a n\u00e9vhaszn\u00e1lati licenc hat\u00e1ly\u00e1t annak lej\u00e1rta el\u0151tt, tov\u00e1bbi t\u00f6bb \u00e9ves opci\u00f3s joggal.<\/p>\n\n\n\n<p>Az \u00faj n\u00e9vvel kapcsolatos v\u00e9gleges d\u00f6nt\u00e9s tavaly \u00e9v v\u00e9g\u00e9n sz\u00fcletett meg Pr\u00e1g\u00e1ban, azt k\u00f6vet\u0151en, hogy a c\u00e9g az ilyenkor szok\u00e1sos m\u00f3don, f\u00f3kuszcsoportos kutat\u00e1sokat v\u00e9gezve tesztelte a lehets\u00e9ges \u00faj m\u00e1rk\u00e1kat.<\/p>\n\n\n\n<p>T\u00f6bb m\u00e1rkanevet is megvizsg\u00e1ltak, \u00edgy a \u201cLaa\u201d nevet is, de v\u00e9g\u00fcl a \u201cYettel\u201d-re esett a v\u00e1laszt\u00e1s. B\u00e1r a magyar piacon t\u00f6bb mint m\u00e1sf\u00e9l \u00e9vtizedig haszn\u00e1lt Pannon m\u00e1rkan\u00e9v visszahoz\u00e1sa m\u00e9g a magyar menedzsment szerint is k\u00e9zenfekv\u0151 v\u00e1laszt\u00e1s lett volna, ez az elk\u00e9pzel\u00e9s hamar leker\u00fclt a napirendr\u0151l.<\/p>\n\n\n\n<p>A n\u00e9vv\u00e1ltoz\u00e1ssal egy\u00fctt \u00e9rtelemszer\u0171en b\u00facs\u00faznak a Telenor m\u00e1rka kor\u00e1bbi arculati elemei is, \u00edgy a fent eml\u00edtett k\u00e9k sz\u00edn\u0171 log\u00f3 is. A szolg\u00e1ltat\u00f3 n\u00e9vv\u00e1lt\u00e1sa a megl\u00e9v\u0151 szerz\u0151d\u00e9ses jogviszonyokra semmilyen hat\u00e1ssal nem lesz.<\/p>\n\n\n\n<p>Forr\u00e1s: https:\/\/www.hwsw.hu\/hirek\/64257\/telenor-pannon-ppf-yettel-m agyarorszag-bulgaria-szerbia-rebranding-markanev-markavalta s.html<\/p>\n","protected":false},"excerpt":{"rendered":"<p>M\u00e1rciust\u00f3l \u00faj m\u00e1rka jelenik meg a magyar mobilpiacon, az el\u0151zetesen kisziv\u00e1rgott inform\u00e1ci\u00f3knak megfelel\u0151en ugyanis megv\u00e1lik k\u00f6zel 12 \u00e9ve haszn\u00e1lt els\u0151dleges m\u00e1rkanev\u00e9t\u0151l a Telenor Magyarorsz\u00e1g. A<\/p>\n","protected":false},"author":4,"featured_media":8860,"comment_status":"closed","ping_status":"closed","sticky":false,"template":"","format":"standard","meta":{"_mi_skip_tracking":false},"categories":[35,4,30,284,698,701,34],"tags":[1231,1214,1230],"_links":{"self":[{"href":"https:\/\/deltanet.hu\/index.php\/wp-json\/wp\/v2\/posts\/8859"}],"collection":[{"href":"https:\/\/deltanet.hu\/index.php\/wp-json\/wp\/v2\/posts"}],"about":[{"href":"https:\/\/deltanet.hu\/index.php\/wp-json\/wp\/v2\/types\/post"}],"author":[{"embeddable":true,"href":"https:\/\/deltanet.hu\/index.php\/wp-json\/wp\/v2\/users\/4"}],"replies":[{"embeddable":true,"href":"https:\/\/deltanet.hu\/index.php\/wp-json\/wp\/v2\/comments?post=8859"}],"version-history":[{"count":1,"href":"https:\/\/deltanet.hu\/index.php\/wp-json\/wp\/v2\/posts\/8859\/revisions"}],"predecessor-version":[{"id":8861,"href":"https:\/\/deltanet.hu\/index.php\/wp-json\/wp\/v2\/posts\/8859\/revisions\/8861"}],"wp:featuredmedia":[{"embeddable":true,"href":"https:\/\/deltanet.hu\/index.php\/wp-json\/wp\/v2\/media\/8860"}],"wp:attachment":[{"href":"https:\/\/deltanet.hu\/index.php\/wp-json\/wp\/v2\/media?parent=8859"}],"wp:term":[{"taxonomy":"category","embeddable":true,"href":"https:\/\/deltanet.hu\/index.php\/wp-json\/wp\/v2\/categories?post=8859"},{"taxonomy":"post_tag","embeddable":true,"href":"https:\/\/deltanet.hu\/index.php\/wp-json\/wp\/v2\/tags?post=8859"}],"curies":[{"name":"wp","href":"https:\/\/api.w.org\/{rel}","templated":true}]}}