{"id":8880,"date":"2022-01-31T12:35:25","date_gmt":"2022-01-31T11:35:25","guid":{"rendered":"http:\/\/deltanet.hu\/?p=8880"},"modified":"2022-01-31T12:35:28","modified_gmt":"2022-01-31T11:35:28","slug":"publikus-hazai-adatforgalmi-sorrend","status":"publish","type":"post","link":"https:\/\/deltanet.hu\/index.php\/publikus-hazai-adatforgalmi-sorrend\/","title":{"rendered":"Publikus hazai adatforgalmi sorrend"},"content":{"rendered":"\n<p>K\u00f6zz\u00e9tette aktu\u00e1lis, a magyar mobilpiac helyzet\u00e9t \u00f6sszegz\u0151, a 2021-es \u00e9v els\u0151 k\u00e9t negyed\u00e9v\u00e9nek adatsorait, piaci jelent\u00e9s\u00e9t a Nemzeti M\u00e9dia- \u00e9s H\u00edrk\u00f6zl\u00e9si Hat\u00f3s\u00e1g.<\/p>\n\n\n\n<p>A szolg\u00e1ltat\u00f3k \u00f6nbevall\u00e1son alapul\u00f3 sz\u00e1mai szerint 2020 k\u00f6zep\u00e9hez k\u00e9pest 2021 k\u00f6zep\u00e9re k\u00f6zel negyed\u00e9vel, 155 milli\u00f3r\u00f3l 192 milli\u00f3 gigabyte-ra n\u0151tt az internetforgalom. Ugyanebben az id\u0151szakban 4,3 sz\u00e1zal\u00e9kkal n\u0151tt az ind\u00edtott h\u00edv\u00e1sforgalom, 6,9 milli\u00e1rdr\u00f3l 7,2 milli\u00e1rd percre.<\/p>\n\n\n\n<p>Az ind\u00edtott roaming forgalmak alakul\u00e1s\u00e1ra a szezonalit\u00e1son k\u00edv\u00fcl kor\u00e1bban jellemz\u0151 folyamatosan n\u00f6vekv\u0151 tendencia 2020-ban, k\u00fcl\u00f6n\u00f6sen annak m\u00e1sodik negyed\u00e9v\u00e9t\u0151l kezd\u0151d\u0151en l\u00e1tv\u00e1nyosan megt\u00f6rt. 2021 els\u0151 negyed\u00e9v\u00e9ben mind\u00f6ssze 430 ezer SIM-k\u00e1rty\u00e1r\u00f3l ind\u00edtottak k\u00fclf\u00f6ld\u00f6n h\u00edv\u00e1st, ami csak alig t\u00f6bb, mint harmada az egy \u00e9vvel kor\u00e1bban m\u00e9rt 1,2 milli\u00f3nak.<\/p>\n\n\n\n<p>A mobilinternet-szolg\u00e1ltat\u00e1s piac\u00e1nak k\u00e9t szegmense \u2013 a nagyk\u00e9perny\u0151s \u00e9s az okostelefonos \u2013 mind m\u00e9ret, mind haszn\u00e1lati jellemz\u0151k tekintet\u00e9ben jelent\u0151s elt\u00e9r\u00e9seket mutat. A nagyk\u00e9perny\u0151s szegmenshez hozz\u00e1vet\u0151leg f\u00e9lmilli\u00f3 SIM-k\u00e1rtya tartozik, \u00e9s ezek sz\u00e1ma \u00e9rdemben nem v\u00e1ltozott a vizsg\u00e1lt id\u0151szakban.<\/p>\n\n\n\n<p>A mostani kiadv\u00e1ny tal\u00e1n leg\u00e9rdekesebb, az NMHH \u00e1ltal eddig nem k\u00f6z\u00f6lt statisztik\u00e1ja az internetforgalom alapj\u00e1n sz\u00e1m\u00edtott piaci r\u00e9szesed\u00e9s alakul\u00e1sa a mobilinternet-piacon. A k\u00f6zz\u00e9tett grafikonon j\u00f3l kiolvashat\u00f3, hogy a Telenor h\u00e1l\u00f3zat\u00e1n \u00e9veken kereszt\u00fcl t\u00f6bb adat cser\u00e9l\u0151d\u00f6tt, mint a k\u00e9t riv\u00e1lis\u00e1n\u00e1l.<\/p>\n\n\n\n<p>Besz\u00e9des egyben az is, hogy hi\u00e1ba vezette be a Vodafone Magyarorsz\u00e1g els\u0151k\u00e9nt 2019 \u0151sz\u00e9n haz\u00e1nkban az 5G-s szolg\u00e1ltat\u00e1st, mindez a c\u00e9g h\u00e1l\u00f3zati adatforgalm\u00e1ra semmilyen hat\u00e1st nem gyakorolt &#8211; azaz ezen a ponton megd\u0151lni l\u00e1tszik az a te\u00f3ria, hogy az 5G-s el\u0151fizet\u00e9ssel \u00e9s k\u00e9sz\u00fcl\u00e9kekkel rendelkez\u0151 \u00fcgyfelek kiugr\u00f3an sok adatot fogyasztanak.<\/p>\n\n\n\n<p>Forr\u00e1s: https:\/\/www.hwsw.hu\/hirek\/64218\/telenor-vodafone-telekom-n mhh-mobilpiaci-jelentes-adatforgalom-5g.html<\/p>\n","protected":false},"excerpt":{"rendered":"<p>K\u00f6zz\u00e9tette aktu\u00e1lis, a magyar mobilpiac helyzet\u00e9t \u00f6sszegz\u0151, a 2021-es \u00e9v els\u0151 k\u00e9t negyed\u00e9v\u00e9nek adatsorait, piaci jelent\u00e9s\u00e9t a Nemzeti M\u00e9dia- \u00e9s H\u00edrk\u00f6zl\u00e9si Hat\u00f3s\u00e1g. A szolg\u00e1ltat\u00f3k \u00f6nbevall\u00e1son<\/p>\n","protected":false},"author":4,"featured_media":8881,"comment_status":"closed","ping_status":"closed","sticky":false,"template":"","format":"standard","meta":{"_mi_skip_tracking":false},"categories":[36,35,4,30,284,37,1,701,34,33],"tags":[1241,184,1243,158,1242],"_links":{"self":[{"href":"https:\/\/deltanet.hu\/index.php\/wp-json\/wp\/v2\/posts\/8880"}],"collection":[{"href":"https:\/\/deltanet.hu\/index.php\/wp-json\/wp\/v2\/posts"}],"about":[{"href":"https:\/\/deltanet.hu\/index.php\/wp-json\/wp\/v2\/types\/post"}],"author":[{"embeddable":true,"href":"https:\/\/deltanet.hu\/index.php\/wp-json\/wp\/v2\/users\/4"}],"replies":[{"embeddable":true,"href":"https:\/\/deltanet.hu\/index.php\/wp-json\/wp\/v2\/comments?post=8880"}],"version-history":[{"count":1,"href":"https:\/\/deltanet.hu\/index.php\/wp-json\/wp\/v2\/posts\/8880\/revisions"}],"predecessor-version":[{"id":8882,"href":"https:\/\/deltanet.hu\/index.php\/wp-json\/wp\/v2\/posts\/8880\/revisions\/8882"}],"wp:featuredmedia":[{"embeddable":true,"href":"https:\/\/deltanet.hu\/index.php\/wp-json\/wp\/v2\/media\/8881"}],"wp:attachment":[{"href":"https:\/\/deltanet.hu\/index.php\/wp-json\/wp\/v2\/media?parent=8880"}],"wp:term":[{"taxonomy":"category","embeddable":true,"href":"https:\/\/deltanet.hu\/index.php\/wp-json\/wp\/v2\/categories?post=8880"},{"taxonomy":"post_tag","embeddable":true,"href":"https:\/\/deltanet.hu\/index.php\/wp-json\/wp\/v2\/tags?post=8880"}],"curies":[{"name":"wp","href":"https:\/\/api.w.org\/{rel}","templated":true}]}}