{"id":8890,"date":"2022-02-22T18:39:15","date_gmt":"2022-02-22T17:39:15","guid":{"rendered":"http:\/\/deltanet.hu\/?p=8890"},"modified":"2022-02-22T18:40:07","modified_gmt":"2022-02-22T17:40:07","slug":"semmit-nem-adott-az-5g","status":"publish","type":"post","link":"https:\/\/deltanet.hu\/index.php\/semmit-nem-adott-az-5g\/","title":{"rendered":"Semmit nem adott az 5G"},"content":{"rendered":"\n<p class=\"has-text-align-left\">Magyarorsz\u00e1g tavaly kiemelked\u0151en teljes\u00edtett a glob\u00e1lis<br>mobilnet-sebess\u00e9gtesztben, \u00edrja a febru\u00e1r k\u00f6zep\u00e9n a glob\u00e1lis<br>mobil piacr\u00f3l sz\u00f3l\u00f3 \u00e9ves jelent\u00e9s\u00e9ben az OpenSignal, de nem<br>felt\u00e9tlen\u00fcl \u00fagy, ahogy azt a h\u00e1l\u00f3zatfejleszt\u00e9sre \u00f3ri\u00e1si<br>\u00f6sszegeket k\u00f6lt\u0151 szolg\u00e1ltat\u00f3k rem\u00e9lt\u00e9k.<\/p>\n\n\n\n<p class=\"has-text-align-left\"><br>Jelent\u00e9s\u00fck abb\u00f3l indul ki, hogy az 5G-s l\u00e9tes\u00edt\u00e9sek a legt\u00f6bb<br>orsz\u00e1gban azzal a c\u00e9llal j\u00f6ttek l\u00e9tre, hogy a 4G-s h\u00e1l\u00f3zatok<br>egyre sz\u0171kebbnek tekinthet\u0151 keresztmetszet\u00e9re megold\u00e1st<br>tal\u00e1ljanak a piaci szerepl\u0151k, k\u00fcl\u00f6n\u00f6sen az olyan<br>cs\u00facsid\u0151szakokban, mint az esti \u00f3r\u00e1k, amikor jellemz\u0151en a<br>legakt\u00edvabban haszn\u00e1lj\u00e1k a mobilnetet az el\u0151fizet\u0151k.<\/p>\n\n\n\n<p class=\"has-text-align-left\"><br>Haz\u00e1nkban a &#8220;let\u00f6lt\u00e9si sebess\u00e9g\u00e9lm\u00e9ny&#8221; nev\u0171 m\u00e9r\u0151sz\u00e1m<br>viszont 2021-ben 25 megabit per szekundumra cs\u00f6kkent a<br>2018-as 27 megabit per szekundumr\u00f3l 20 \u00e9s 21 \u00f3ra k\u00f6z\u00f6tt.<br>Mindez persze nem jelenti azt, hogy a magyar mobilh\u00e1l\u00f3zatok<br>b\u0151v\u00edt\u00e9se, fejleszt\u00e9se teljesen hi\u00e1baval\u00f3 volt az elm\u00falt \u00e9vekben,<br>mert a hazai szolg\u00e1ltat\u00f3k \u00e1ltal \u00f6nk\u00e9ntesen biztos\u00edtott adatok<br>\u00f6sszes\u00edt\u00e9se szerint a h\u00e1l\u00f3zatokon lebonyol\u00edtott adatforgalom<br>jelent\u0151s m\u00e9rt\u00e9kben n\u0151tt 2018 \u00e9s 2021 k\u00f6z\u00f6tt. Az okostelefonos<br>forgalom k\u00f6zel a h\u00e1romszoros\u00e1ra n\u0151tt h\u00e1rom \u00e9v alatt. A<br>h\u00e1l\u00f3zatok tov\u00e1bbfejleszt\u00e9se n\u00e9lk\u00fcl csak jelent\u0151s<br>szolg\u00e1ltat\u00e1smin\u0151s\u00e9g-roml\u00e1s \u00e1r\u00e1n val\u00f3sulhatott volna meg.<\/p>\n\n\n\n<p class=\"has-text-align-left\"><br>Magyarorsz\u00e1g bizonyos szempontb\u00f3l speci\u00e1lis hely az 5G-s<br>h\u00e1l\u00f3zatok \u00fczemeltet\u00e9se tekintet\u00e9ben. A Vodafone sok<br>d\u00edjcsomag eset\u00e9ben korl\u00e1tozza az 5G-re csatlakoz\u00f3 el\u0151fizet\u0151k<br>\u00e1ltal el\u00e9rhet\u0151 maxim\u00e1lis s\u00e1vsz\u00e9less\u00e9get, a Magyar Telekomn\u00e1l<br>pedig jelenleg csak a korl\u00e1tlan mobilnet-opci\u00f3kkal \u00e9rhet\u0151 el<br>alapesetben az 5G-h\u00e1l\u00f3zat. A Yettel ezzel szemben korl\u00e1toz\u00e1s<br>n\u00e9lk\u00fcl mindenkinek el\u00e9rhet\u0151v\u00e9 tette a kereskedelmi<br>5G-h\u00e1l\u00f3zatot.<br><\/p>\n","protected":false},"excerpt":{"rendered":"<p>Magyarorsz\u00e1g tavaly kiemelked\u0151en teljes\u00edtett a glob\u00e1lismobilnet-sebess\u00e9gtesztben, \u00edrja a febru\u00e1r k\u00f6zep\u00e9n a glob\u00e1lismobil piacr\u00f3l sz\u00f3l\u00f3 \u00e9ves jelent\u00e9s\u00e9ben az OpenSignal, de nemfelt\u00e9tlen\u00fcl \u00fagy, ahogy azt a h\u00e1l\u00f3zatfejleszt\u00e9sre<\/p>\n","protected":false},"author":4,"featured_media":8868,"comment_status":"closed","ping_status":"closed","sticky":false,"template":"","format":"standard","meta":{"_mi_skip_tracking":false},"categories":[35,4,30,284,702,37,699,1,701,34,33],"tags":[209,487,124],"_links":{"self":[{"href":"https:\/\/deltanet.hu\/index.php\/wp-json\/wp\/v2\/posts\/8890"}],"collection":[{"href":"https:\/\/deltanet.hu\/index.php\/wp-json\/wp\/v2\/posts"}],"about":[{"href":"https:\/\/deltanet.hu\/index.php\/wp-json\/wp\/v2\/types\/post"}],"author":[{"embeddable":true,"href":"https:\/\/deltanet.hu\/index.php\/wp-json\/wp\/v2\/users\/4"}],"replies":[{"embeddable":true,"href":"https:\/\/deltanet.hu\/index.php\/wp-json\/wp\/v2\/comments?post=8890"}],"version-history":[{"count":2,"href":"https:\/\/deltanet.hu\/index.php\/wp-json\/wp\/v2\/posts\/8890\/revisions"}],"predecessor-version":[{"id":8892,"href":"https:\/\/deltanet.hu\/index.php\/wp-json\/wp\/v2\/posts\/8890\/revisions\/8892"}],"wp:featuredmedia":[{"embeddable":true,"href":"https:\/\/deltanet.hu\/index.php\/wp-json\/wp\/v2\/media\/8868"}],"wp:attachment":[{"href":"https:\/\/deltanet.hu\/index.php\/wp-json\/wp\/v2\/media?parent=8890"}],"wp:term":[{"taxonomy":"category","embeddable":true,"href":"https:\/\/deltanet.hu\/index.php\/wp-json\/wp\/v2\/categories?post=8890"},{"taxonomy":"post_tag","embeddable":true,"href":"https:\/\/deltanet.hu\/index.php\/wp-json\/wp\/v2\/tags?post=8890"}],"curies":[{"name":"wp","href":"https:\/\/api.w.org\/{rel}","templated":true}]}}