{"id":8901,"date":"2022-02-22T19:10:52","date_gmt":"2022-02-22T18:10:52","guid":{"rendered":"http:\/\/deltanet.hu\/?p=8901"},"modified":"2022-02-22T19:10:54","modified_gmt":"2022-02-22T18:10:54","slug":"veszelyes-lehet-az-apple-airtag","status":"publish","type":"post","link":"https:\/\/deltanet.hu\/index.php\/veszelyes-lehet-az-apple-airtag\/","title":{"rendered":"Vesz\u00e9lyes lehet az Apple AirTag?"},"content":{"rendered":"\n<p>Tavaly \u00e1prilisban mutatta be az Apple az AirTaget, azt a kis<br>k\u00fcty\u00fct, amit r\u00e1tehet\u00fcnk azokra az eszk\u00f6zeinkre, amelyek<br>hajlamosak elt\u0171nni. \u00cdgy k\u00e9s\u0151bb egyszer\u0171en megtal\u00e1lhatjuk<br>ezeket. Hamar kider\u00fclt azonban, hogy az AirTageket ak\u00e1r<br>rosszhiszem\u0171en is fel lehet haszn\u00e1lni, p\u00e9ld\u00e1ul b\u00e1rkit titokban<br>k\u00f6vetni lehet vele, miut\u00e1n becs\u00fasztatj\u00e1k egy kab\u00e1t zseb\u00e9be, egy<br>t\u00e1sk\u00e1ba vagy r\u00e1szerelik egy aut\u00f3ra.<\/p>\n\n\n\n<p><br>Az Apple is tett n\u00e9h\u00e1ny l\u00e9p\u00e9st a felhaszn\u00e1l\u00f3k biztons\u00e1ga<br>\u00e9rdek\u00e9ben, p\u00e9ld\u00e1ul a leg\u00fajabb iOS-t futtat\u00f3 iPhone-ok<br>figyelmeztetik a tulajdonosukat, ha sz\u00e1mukra nem regisztr\u00e1lt<br>nyomk\u00f6vet\u0151 utazik vel\u00fck, illetve id\u0151nk\u00e9nt hangjelz\u00e9st is adnak.<br>Egy nemr\u00e9giben megjelent cikk egy \u00fajabb probl\u00e9m\u00e1ra<br>figyelmeztet: egyre gyakoribb\u00e1 v\u00e1lik az AirTagek m\u00f3dos\u00edt\u00e1sa,<br>p\u00e9ld\u00e1ul az alakj\u00e1nak megv\u00e1ltoztat\u00e1sa vagy a hangsz\u00f3r\u00f3j\u00e1nak a<br>kikapcsol\u00e1sa. B\u00e1r ez \u00f6nmag\u00e1ban nem hangzik vesz\u00e9lyesnek,<br>azonban megn\u00f6velheti a rejtett nyomon k\u00f6vet\u00e9s kock\u00e1zat\u00e1t.<\/p>\n\n\n\n<p><br>A cikk szerz\u0151je szerint az Apple-nek is t\u00f6bbet kellene tennie a<br>felhaszn\u00e1l\u00f3k v\u00e9delme \u00e9rdek\u00e9ben. P\u00e1r \u00f6tletet is ad ehhez.<br>P\u00e9ld\u00e1ul nehez\u00edtse meg az AirTagek m\u00f3dos\u00edt\u00e1s\u00e1t, mondjuk \u00fagy,<br>hogy epoxigyant\u00e1val t\u00f6lti fel \u0151ket, vagy a mostanin\u00e1l is er\u0151sebb<br>biztons\u00e1gi v\u00e9delemmel l\u00e1ssa el a kis eszk\u00f6z\u00f6ket.<\/p>\n\n\n\n<p><br>M\u0171k\u00f6dj\u00f6n egy\u00fctt a Google-lel, hogy \u00e1tfog\u00f3 AirTag-k\u00f6vet\u00e9st<br>biztos\u00edtson iOS-re \u00e9s Androidra is. \u00d6sszess\u00e9g\u00e9ben az Apple-nek<br>\u00e9s a nagy technol\u00f3giai c\u00e9geknek is tudatos\u00edtaniuk kell, hogy<br>milyen egyszer\u0171 AirTaget helyezni valakire\/valamire, milyen<br>neh\u00e9z megtal\u00e1lni, milyen rossz az androidos alkalmaz\u00e1s, \u00e9s<br>milyen k\u00f6nnyen m\u00f3dos\u00edthat\u00f3.<\/p>\n\n\n\n<p><br>S hogy mi a teend\u0151, ha valaki tal\u00e1l egy illeg\u00e1lis nyomk\u00f6vet\u0151t?<br>Ilyen esetekben \u00e9rdemes kivenni az akkumul\u00e1tort, ugyanis att\u00f3l<br>kezdve az eszk\u00f6z \u00e1rtalmatlan. Azut\u00e1n m\u00e9g lesz ideje eld\u00f6nteni,<br>hogy a rend\u0151rs\u00e9ghez fordul-e.<br>https:\/\/hvg.hu\/tudomany\/20220216_airtagek_veszelyei_ios_an<br>droid<\/p>\n","protected":false},"excerpt":{"rendered":"<p>Tavaly \u00e1prilisban mutatta be az Apple az AirTaget, azt a kisk\u00fcty\u00fct, amit r\u00e1tehet\u00fcnk azokra az eszk\u00f6zeinkre, amelyekhajlamosak elt\u0171nni. \u00cdgy k\u00e9s\u0151bb egyszer\u0171en megtal\u00e1lhatjukezeket. Hamar kider\u00fclt azonban,<\/p>\n","protected":false},"author":4,"featured_media":8902,"comment_status":"closed","ping_status":"closed","sticky":false,"template":"","format":"standard","meta":{"_mi_skip_tracking":false},"categories":[36,35,4,30,284,37,34],"tags":[952,980],"_links":{"self":[{"href":"https:\/\/deltanet.hu\/index.php\/wp-json\/wp\/v2\/posts\/8901"}],"collection":[{"href":"https:\/\/deltanet.hu\/index.php\/wp-json\/wp\/v2\/posts"}],"about":[{"href":"https:\/\/deltanet.hu\/index.php\/wp-json\/wp\/v2\/types\/post"}],"author":[{"embeddable":true,"href":"https:\/\/deltanet.hu\/index.php\/wp-json\/wp\/v2\/users\/4"}],"replies":[{"embeddable":true,"href":"https:\/\/deltanet.hu\/index.php\/wp-json\/wp\/v2\/comments?post=8901"}],"version-history":[{"count":1,"href":"https:\/\/deltanet.hu\/index.php\/wp-json\/wp\/v2\/posts\/8901\/revisions"}],"predecessor-version":[{"id":8903,"href":"https:\/\/deltanet.hu\/index.php\/wp-json\/wp\/v2\/posts\/8901\/revisions\/8903"}],"wp:featuredmedia":[{"embeddable":true,"href":"https:\/\/deltanet.hu\/index.php\/wp-json\/wp\/v2\/media\/8902"}],"wp:attachment":[{"href":"https:\/\/deltanet.hu\/index.php\/wp-json\/wp\/v2\/media?parent=8901"}],"wp:term":[{"taxonomy":"category","embeddable":true,"href":"https:\/\/deltanet.hu\/index.php\/wp-json\/wp\/v2\/categories?post=8901"},{"taxonomy":"post_tag","embeddable":true,"href":"https:\/\/deltanet.hu\/index.php\/wp-json\/wp\/v2\/tags?post=8901"}],"curies":[{"name":"wp","href":"https:\/\/api.w.org\/{rel}","templated":true}]}}