{"id":8968,"date":"2022-03-16T09:41:09","date_gmt":"2022-03-16T08:41:09","guid":{"rendered":"http:\/\/deltanet.hu\/?p=8968"},"modified":"2022-03-16T09:41:12","modified_gmt":"2022-03-16T08:41:12","slug":"nokia-notebook-mar-europaban-is","status":"publish","type":"post","link":"https:\/\/deltanet.hu\/index.php\/nokia-notebook-mar-europaban-is\/","title":{"rendered":"Nokia notebook m\u00e1r Eur\u00f3p\u00e1ban is"},"content":{"rendered":"\n<p>Utolj\u00e1ra 2020-ban ker\u00fclt piacra Nokia m\u00e1rkajelz\u00e9s\u0171 notebook,<br>amely kiz\u00e1r\u00f3lag az indiai Flipkart web\u00e1ruh\u00e1z k\u00edn\u00e1lat\u00e1ban volt<br>el\u00e9rhet\u0151, most viszont egy francia startupnak k\u00f6sz\u00f6nhet\u0151en 22<br>\u00faj piacra, k\u00f6zt\u00fck t\u00f6bb eur\u00f3pai orsz\u00e1gban is el\u00e9rhet\u0151 lesz az \u00faj,<br>Nokia jel\u00f6l\u00e9s\u0171 sz\u00e1m\u00edt\u00f3g\u00e9p.<\/p>\n\n\n\n<p><br>A Nokia PureBook Pro letisztult, min\u0151s\u00e9gi g\u00e9p benyom\u00e1s\u00e1t<br>kelt\u0151 diz\u00e1jnt kapott, a min\u0151s\u00e9g\u00e9rzethez pedig az ez\u00fcstben,<br>s\u00f6t\u00e9tsz\u00fcrk\u00e9ben, pirosban \u00e9s k\u00e9kben el\u00e9rhet\u0151 modellek<br>alum\u00edniumb\u00f3l k\u00e9sz\u00fclt fedlapja is hozz\u00e1tesz. A notebook IPS<br>kijelz\u0151je modellt\u0151l f\u00fcgg\u0151en 15,6 vagy 17,3 h\u00fcvelyk k\u00e9p\u00e1tl\u00f3j\u00fa,<br>felbont\u00e1sa pedig Full HD, ami m\u00e9g a 4K-s panelek elterjed\u00e9s\u00e9vel<br>sem sz\u00e1m\u00edt rossznak ebben a m\u00e9retben, a 250 nites maxim\u00e1lis<br>f\u00e9nyer\u0151 miatt viszont a k\u00fclt\u00e9ri haszn\u00e1lati \u00e9lm\u00e9ny nem lesz<br>hib\u00e1tlan.<\/p>\n\n\n\n<p><br>A burkolat alatt az Intel Core i3 processzora teljes\u00edt szolg\u00e1latot<br>8 gigabyte rendszermem\u00f3ria \u00e9s egy 512 GB-os SSD<br>t\u00e1rsas\u00e1g\u00e1ban, szoftveres oldalon pedig a Microsoft Windows<br>11 oper\u00e1ci\u00f3s rendszer\u00e9t \u00e9lvezheti a felhaszn\u00e1l\u00f3.<br>A m\u00e9rett\u0151l f\u00fcgg\u0151en 1,7, valamint 2,5 kg t\u00f6meg\u0171 g\u00e9p<br>h\u00e1tt\u00e9rvil\u00e1g\u00edt\u00e1ssal is rendelkez\u0151 billenty\u0171zetet, 2 megapixeles<br>felbont\u00e1s\u00fa webkamer\u00e1t, Wi-Fi 5 \u00e9s Bluetooth 5.0 modulokat,<br>tov\u00e1bb\u00e1 ujjlenyomat-olvas\u00f3t \u00e9s microSD k\u00e1rtyaolvas\u00f3t is<br>kapott, m\u00edg a csatlakoz\u00f3k\u00edn\u00e1lat k\u00e9t USB 3.2 Type-C \u00e9s egy USB<br>3.2 Type-A portb\u00f3l, illetve egy komb\u00f3jackb\u0151l tev\u0151dik \u00f6ssze.<br>Az akkumul\u00e1tor kapacit\u00e1sa szint\u00e9n elt\u00e9r a k\u00e9t m\u00e9retn\u00e9l, a<br>kisebb modellbe 57, a nagyobb m\u00e9ret\u0171be pedig 65 watt\u00f3r\u00e1s<br>telep ker\u00fclt, amelyek egyar\u00e1nt t\u00e1mogatj\u00e1k a gyorst\u00f6lt\u00e9st.<br>A Nokia PureBook Pro 15,6 \u00e9s 17,3 h\u00fcvelykes verzi\u00f3ja rendre<br>699 \u00e9s 799 eur\u00f3s \u00e1ron lesz megv\u00e1s\u00e1rolhat\u00f3 a k\u00f6zelj\u00f6v\u0151ben,<br>els\u0151 k\u00f6rben Eur\u00f3p\u00e1ban, Marokk\u00f3ban, Tun\u00e9zi\u00e1ban, Kanad\u00e1ban<br>\u00e9s Thaif\u00f6ld\u00f6n.<\/p>\n\n\n\n<p><br>Forr\u00e1s: https:\/\/prohardver.hu\/hir\/europaban_is_kaphato_lesz_uj_nokia_<br>notebook.html<\/p>\n","protected":false},"excerpt":{"rendered":"<p>Utolj\u00e1ra 2020-ban ker\u00fclt piacra Nokia m\u00e1rkajelz\u00e9s\u0171 notebook,amely kiz\u00e1r\u00f3lag az indiai Flipkart web\u00e1ruh\u00e1z k\u00edn\u00e1lat\u00e1ban voltel\u00e9rhet\u0151, most viszont egy francia startupnak k\u00f6sz\u00f6nhet\u0151en 22\u00faj piacra, k\u00f6zt\u00fck t\u00f6bb eur\u00f3pai<\/p>\n","protected":false},"author":4,"featured_media":8969,"comment_status":"closed","ping_status":"closed","sticky":false,"template":"","format":"standard","meta":{"_mi_skip_tracking":false},"categories":[36,35,4,30,284,37,701,34,33],"tags":[1292,1293,1294],"_links":{"self":[{"href":"https:\/\/deltanet.hu\/index.php\/wp-json\/wp\/v2\/posts\/8968"}],"collection":[{"href":"https:\/\/deltanet.hu\/index.php\/wp-json\/wp\/v2\/posts"}],"about":[{"href":"https:\/\/deltanet.hu\/index.php\/wp-json\/wp\/v2\/types\/post"}],"author":[{"embeddable":true,"href":"https:\/\/deltanet.hu\/index.php\/wp-json\/wp\/v2\/users\/4"}],"replies":[{"embeddable":true,"href":"https:\/\/deltanet.hu\/index.php\/wp-json\/wp\/v2\/comments?post=8968"}],"version-history":[{"count":1,"href":"https:\/\/deltanet.hu\/index.php\/wp-json\/wp\/v2\/posts\/8968\/revisions"}],"predecessor-version":[{"id":8970,"href":"https:\/\/deltanet.hu\/index.php\/wp-json\/wp\/v2\/posts\/8968\/revisions\/8970"}],"wp:featuredmedia":[{"embeddable":true,"href":"https:\/\/deltanet.hu\/index.php\/wp-json\/wp\/v2\/media\/8969"}],"wp:attachment":[{"href":"https:\/\/deltanet.hu\/index.php\/wp-json\/wp\/v2\/media?parent=8968"}],"wp:term":[{"taxonomy":"category","embeddable":true,"href":"https:\/\/deltanet.hu\/index.php\/wp-json\/wp\/v2\/categories?post=8968"},{"taxonomy":"post_tag","embeddable":true,"href":"https:\/\/deltanet.hu\/index.php\/wp-json\/wp\/v2\/tags?post=8968"}],"curies":[{"name":"wp","href":"https:\/\/api.w.org\/{rel}","templated":true}]}}