{"id":9490,"date":"2022-05-02T10:24:19","date_gmt":"2022-05-02T08:24:19","guid":{"rendered":"http:\/\/deltanet.hu\/?p=9490"},"modified":"2022-05-02T10:24:21","modified_gmt":"2022-05-02T08:24:21","slug":"20-000-ft-ot-kaphat-ha-buta-telefonja-van","status":"publish","type":"post","link":"https:\/\/deltanet.hu\/index.php\/20-000-ft-ot-kaphat-ha-buta-telefonja-van\/","title":{"rendered":"20.000 Ft-ot kaphat, ha buta telefonja van"},"content":{"rendered":"\n<p><strong>M\u00e1jus 9-t\u0151l<\/strong> m\u00e1r azok is ig\u00e9nyelhetik az \u00e1llam 20.000 forintos mobilv\u00e1s\u00e1rl\u00e1si t\u00e1mogat\u00e1s\u00e1t, akinek 2G-k\u00e9pes k\u00e9sz\u00fcl\u00e9k\u00fck van. Febru\u00e1r \u00f3ta vehetik ig\u00e9nybe a magyar mobilosok azt a t\u00e1mogat\u00e1st, amelynek keret\u00e9ben az \u00e1llam az ig\u00e9nyl\u0151knek 20 ezer forintot ad arra,  hogy lecser\u00e9lj\u00e9k a 3G-k\u00e9pes k\u00e9sz\u00fcl\u00e9k\u00fcket.  Erre praktikusan is sz\u00fcks\u00e9g van, a magyarorsz\u00e1gi mobilszolg\u00e1ltat\u00f3k ugyanis sz\u00e9p lassan elkezdik lekapcsolni a 3G-s h\u00e1l\u00f3zatukat, \u00edgy a telefonnal arra m\u00e1r nem lehet majd csatlakozni.<\/p>\n\n\n\n<p>A programra m\u00e1rcius v\u00e9g\u00e9n m\u00e9g nem volt nagy tolong\u00e1s, hamarosan azonban megn\u00f6vekedhet a telefoncsere t\u00e1mogat\u00e1sra jelentkez\u0151k sz\u00e1ma. <em>Ennek oka, hogy m\u00e1jus 8-ig csak a 3G-k\u00e9pes eszk\u00f6z\u00f6k cser\u00e9j\u00e9re lehet ig\u00e9nyl\u00e9st leadni, m\u00e1jus 9-t\u0151l j\u00falius 17-ig azonban m\u00e1r azok is k\u00e9rhetik a<br>t\u00e1mogat\u00e1st, akiknek 2G-k\u00e9pes k\u00e9sz\u00fcl\u00e9k\u00fck van. <\/em><\/p>\n\n\n\n<figure class=\"wp-block-image size-large\"><img decoding=\"async\" loading=\"lazy\" width=\"1024\" height=\"512\" src=\"https:\/\/deltanet.hu\/wp-content\/uploads\/2022\/05\/netpercek_mobil_Rajzta\u0301bla-1-1024x512.jpg\" alt=\"\" class=\"wp-image-9494\" srcset=\"https:\/\/deltanet.hu\/wp-content\/uploads\/2022\/05\/netpercek_mobil_Rajzta\u0301bla-1-1024x512.jpg 1024w, https:\/\/deltanet.hu\/wp-content\/uploads\/2022\/05\/netpercek_mobil_Rajzta\u0301bla-1-300x150.jpg 300w, https:\/\/deltanet.hu\/wp-content\/uploads\/2022\/05\/netpercek_mobil_Rajzta\u0301bla-1-768x384.jpg 768w, https:\/\/deltanet.hu\/wp-content\/uploads\/2022\/05\/netpercek_mobil_Rajzta\u0301bla-1-1536x768.jpg 1536w, https:\/\/deltanet.hu\/wp-content\/uploads\/2022\/05\/netpercek_mobil_Rajzta\u0301bla-1-2048x1025.jpg 2048w\" sizes=\"(max-width: 1024px) 100vw, 1024px\" \/><\/figure>\n\n\n\n<p><\/p>\n\n\n\n<p>Ezek jellemz\u0151en a hagyom\u00e1nyos, nyom\u00f3gombos telefonok. <br>A csereprogramra 5 milli\u00e1rd forintot k\u00fcl\u00f6n\u00edtett el az \u00e1llam, ami azt jelenti, hogy 250 ezer mobiltelefon cser\u00e9j\u00e9t t\u00e1mogatja. Ha a k\u00e9sz\u00fcl\u00e9ke rajta van a Nemzeti M\u00e9dia- \u00e9s H\u00edrk\u00f6zl\u00e9si Hat\u00f3s\u00e1g csereprogram list\u00e1j\u00e1n, akkor ig\u00e9nyelhet r\u00e1 t\u00e1mogat\u00e1st.<br>A p\u00e1ly\u00e1zati ki\u00edr\u00e1s szerint mobil k\u00e9sz\u00fcl\u00e9kenk\u00e9nt maximum brutt\u00f3 20 ezer forintot lehet kapni, de ha a megv\u00e1s\u00e1rolt \u00faj k\u00e9sz\u00fcl\u00e9k enn\u00e9l olcs\u00f3bb, akkor legfeljebb az \u00faj k\u00e9sz\u00fcl\u00e9k kereskedelmi \u00e1r\u00e1t lehet ig\u00e9nyelni.<br>A hat\u00f3s\u00e1g els\u0151sorban a r\u00e1szorul\u00f3knak k\u00edv\u00e1n seg\u00edteni a k\u00e9sz\u00fcl\u00e9kv\u00e1lt\u00e1sban, ez\u00e9rt a t\u00e1mogat\u00e1s maximum 120 ezer forint \u00e9rt\u00e9k\u0171 k\u00e9sz\u00fcl\u00e9kekre haszn\u00e1lhat\u00f3 fel. <\/p>\n\n\n\n<p>A t\u00e1mogat\u00e1s ig\u00e9nybev\u00e9tel\u00e9hez a haszn\u00e1lt mobiltelefonokat le kell adni a keresked\u0151kn\u00e9l, akik gondoskodnak azok megsemmis\u00edt\u00e9s\u00e9r\u0151l \u2013 \u00edrta k\u00f6zlem\u00e9ny\u00e9ben az NMHH.<\/p>\n\n\n\n<p>Forr\u00e1s: <a href=\"https:\/\/hvg.hu\/tudomany\/20220209_mobilkeszulek_csereje_tamogatasi_program_feltetelek_20_ezer_forint\">https:\/\/hvg.hu\/tudomany\/20220209_mobilkeszulek_csereje_tamogatasi_program_feltetelek_20_ezer_forint<\/a><\/p>\n","protected":false},"excerpt":{"rendered":"<p>M\u00e1jus 9-t\u0151l m\u00e1r azok is ig\u00e9nyelhetik az \u00e1llam 20.000 forintos mobilv\u00e1s\u00e1rl\u00e1si t\u00e1mogat\u00e1s\u00e1t, akinek 2G-k\u00e9pes k\u00e9sz\u00fcl\u00e9k\u00fck van. Febru\u00e1r \u00f3ta vehetik ig\u00e9nybe a magyar mobilosok azt a<\/p>\n","protected":false},"author":4,"featured_media":9501,"comment_status":"closed","ping_status":"closed","sticky":false,"template":"","format":"standard","meta":{"_mi_skip_tracking":false},"categories":[4,701,1324],"tags":[],"_links":{"self":[{"href":"https:\/\/deltanet.hu\/index.php\/wp-json\/wp\/v2\/posts\/9490"}],"collection":[{"href":"https:\/\/deltanet.hu\/index.php\/wp-json\/wp\/v2\/posts"}],"about":[{"href":"https:\/\/deltanet.hu\/index.php\/wp-json\/wp\/v2\/types\/post"}],"author":[{"embeddable":true,"href":"https:\/\/deltanet.hu\/index.php\/wp-json\/wp\/v2\/users\/4"}],"replies":[{"embeddable":true,"href":"https:\/\/deltanet.hu\/index.php\/wp-json\/wp\/v2\/comments?post=9490"}],"version-history":[{"count":10,"href":"https:\/\/deltanet.hu\/index.php\/wp-json\/wp\/v2\/posts\/9490\/revisions"}],"predecessor-version":[{"id":9502,"href":"https:\/\/deltanet.hu\/index.php\/wp-json\/wp\/v2\/posts\/9490\/revisions\/9502"}],"wp:featuredmedia":[{"embeddable":true,"href":"https:\/\/deltanet.hu\/index.php\/wp-json\/wp\/v2\/media\/9501"}],"wp:attachment":[{"href":"https:\/\/deltanet.hu\/index.php\/wp-json\/wp\/v2\/media?parent=9490"}],"wp:term":[{"taxonomy":"category","embeddable":true,"href":"https:\/\/deltanet.hu\/index.php\/wp-json\/wp\/v2\/categories?post=9490"},{"taxonomy":"post_tag","embeddable":true,"href":"https:\/\/deltanet.hu\/index.php\/wp-json\/wp\/v2\/tags?post=9490"}],"curies":[{"name":"wp","href":"https:\/\/api.w.org\/{rel}","templated":true}]}}