{"id":9842,"date":"2022-06-17T14:26:07","date_gmt":"2022-06-17T12:26:07","guid":{"rendered":"http:\/\/deltanet.hu\/?p=9842"},"modified":"2022-06-17T14:35:40","modified_gmt":"2022-06-17T12:35:40","slug":"nehezedik-a-trukkos-webaruhazak-elete","status":"publish","type":"post","link":"https:\/\/deltanet.hu\/index.php\/nehezedik-a-trukkos-webaruhazak-elete\/","title":{"rendered":"Nehezedik a tr\u00fckk\u00f6s web\u00e1ruh\u00e1zak \u00e9lete?"},"content":{"rendered":"\n<p class=\"has-normal-font-size\">\u00daj fogyaszt\u00f3v\u00e9delmi jogszab\u00e1lyok vonatkoznak a magyarorsz\u00e1gi \u00e9rt\u00e9kes\u00edt\u00e9st folytat\u00f3 web\u00e1ruh\u00e1zakra, \u00edgy tov\u00e1bb tisztulhat a hazai szektor.<\/p>\n\n\n\n<p>Hat\u00e1lyba l\u00e9pett a tisztess\u00e9gtelen kereskedelmi gyakorlat tilalm\u00e1r\u00f3l sz\u00f3l\u00f3 jogszab\u00e1ly m\u00f3dos\u00edt\u00e1sa, mely k\u00e9t fontos ter\u00fcleten teszi rendbe a webshopok m\u0171k\u00f6d\u00e9s\u00e9t; v\u00e1ltoztak t\u00f6bbek k\u00f6zt az akci\u00f3s \u00e1r felt\u00fcntet\u00e9s \u00e9s a v\u00e1s\u00e1rl\u00f3i \u00e9rt\u00e9kel\u00e9sek k\u00f6zz\u00e9t\u00e9tel\u00e9nek szab\u00e1lyai, melyekn\u00e9l a keresked\u0151k kor\u00e1bban el\u0151szeretettel ny\u00faltak tisztess\u00e9gtelen eszk\u00f6z\u00f6kh\u00f6z.<\/p>\n\n\n\n<p>El\u0151bbi kapcs\u00e1n a legfontosabb v\u00e1ltoz\u00e1s, hogy minden olyan term\u00e9k eset\u00e9ben, ahol \u00e1ltal\u00e1nosan meghirdetett <strong>le\u00e1raz\u00e1s<\/strong> t\u00f6rt\u00e9nik, ott k\u00f6telez\u0151 felt\u00fcntetni a kor\u00e1bbi \u00e1rat. Ez al\u00f3l kiv\u00e9tel csak az a term\u00e9k lesz, mely romland\u00f3, vagy a min\u0151s\u00e9g\u00e9t r\u00f6vid ideig \u0151rzi meg. A kor\u00e1bbi \u00e1r minden esetben az elm\u00falt 30 nap legalacsonyabb \u00e1ra, f\u00fcggetlen\u00fcl att\u00f3l, hogy az elm\u00falt 30 napban az \u00e1r akci\u00f3s volt, vagy teljes \u00e1ron adt\u00e1k a term\u00e9ket.<\/p>\n\n\n\n<p>Ez a szab\u00e1lyoz\u00e1s legink\u00e1bb az akci\u00f3halmoz\u00f3 keresked\u0151k \u00e9let\u00e9t nehez\u00edtheti meg, illetve a v\u00e1s\u00e1rl\u00f3ik t\u00e1j\u00e9koz\u00f3d\u00e1s\u00e1t teszi k\u00f6nnyebb\u00e9. Az \u00faj akci\u00f3s \u00e1r felt\u00fcntet\u00e9si szab\u00e1lyok ugyanakkor az \u00e9v utols\u00f3 k\u00e9t h\u00f3napj\u00e1ban \u00e1talak\u00edthatja a keresked\u0151k marketing strat\u00e9gi\u00e1j\u00e1t \u00e9s az akci\u00f3s term\u00e9kek \u00f6sszet\u00e9tel\u00e9t. V\u00e1rhat\u00f3an a keresked\u0151k id\u00e9n el\u0151bbre fogj\u00e1k hozni a Black Friday akci\u00f3t.<\/p>\n\n\n\n<figure class=\"wp-block-image size-large\"><img decoding=\"async\" loading=\"lazy\" width=\"800\" height=\"400\" src=\"https:\/\/deltanet.hu\/wp-content\/uploads\/2022\/06\/netpercek-cikk_online-va\u0301sa\u0301rla\u0301s_02.jpg\" alt=\"\" class=\"wp-image-9854\" srcset=\"https:\/\/deltanet.hu\/wp-content\/uploads\/2022\/06\/netpercek-cikk_online-va\u0301sa\u0301rla\u0301s_02.jpg 800w, https:\/\/deltanet.hu\/wp-content\/uploads\/2022\/06\/netpercek-cikk_online-va\u0301sa\u0301rla\u0301s_02-300x150.jpg 300w, https:\/\/deltanet.hu\/wp-content\/uploads\/2022\/06\/netpercek-cikk_online-va\u0301sa\u0301rla\u0301s_02-768x384.jpg 768w\" sizes=\"(max-width: 800px) 100vw, 800px\" \/><\/figure>\n\n\n\n<p>Szint\u00e9n v\u00e1ltoztak a web\u00e1ruh\u00e1zakban megjelen\u0151 fogyaszt\u00f3i \u00e9rt\u00e9kel\u00e9sek k\u00f6zz\u00e9t\u00e9tel\u00e9nek szab\u00e1lyai.<br>Ez az\u00e9rt fontos momentum, mivel a keresked\u0151k ezeket az \u00e9rt\u00e9kel\u00e9seket el\u0151szeretettel haszn\u00e1lj\u00e1k marketing c\u00e9lra, illetve szab\u00e1lyoz\u00e1s h\u00edj\u00e1n eddig gyakorlatilag b\u00fcntetlen\u00fcl lehet\u0151s\u00e9g\u00fck volt az \u00e9rt\u00e9kel\u00e9sek \u00f6nk\u00e9nyes manipul\u00e1l\u00e1s\u00e1ra, illetve megrost\u00e1l\u00e1s\u00e1ra.<\/p>\n\n\n\n<p>Forr\u00e1s:<br><a href=\"https:\/\/www.hwsw.hu\/hirek\/64701\/e-kereskedelem-webshop-fogyasztovedelem-jogszabaly-vasarloi-ertekeles-akcioszabalyok.html\">https:\/\/www.hwsw.hu\/hirek\/64701\/e-kereskedelem-webshop-fogyasztovedelem-jogszabaly-vasarloi-ertekeles-akcioszabalyok.html<\/a><\/p>\n","protected":false},"excerpt":{"rendered":"<p>\u00daj fogyaszt\u00f3v\u00e9delmi jogszab\u00e1lyok vonatkoznak a magyarorsz\u00e1gi \u00e9rt\u00e9kes\u00edt\u00e9st folytat\u00f3 web\u00e1ruh\u00e1zakra, \u00edgy tov\u00e1bb tisztulhat a hazai szektor. Hat\u00e1lyba l\u00e9pett a tisztess\u00e9gtelen kereskedelmi gyakorlat tilalm\u00e1r\u00f3l sz\u00f3l\u00f3 jogszab\u00e1ly m\u00f3dos\u00edt\u00e1sa,<\/p>\n","protected":false},"author":4,"featured_media":9846,"comment_status":"closed","ping_status":"closed","sticky":false,"template":"","format":"standard","meta":{"_mi_skip_tracking":false},"categories":[35,4,1330],"tags":[],"_links":{"self":[{"href":"https:\/\/deltanet.hu\/index.php\/wp-json\/wp\/v2\/posts\/9842"}],"collection":[{"href":"https:\/\/deltanet.hu\/index.php\/wp-json\/wp\/v2\/posts"}],"about":[{"href":"https:\/\/deltanet.hu\/index.php\/wp-json\/wp\/v2\/types\/post"}],"author":[{"embeddable":true,"href":"https:\/\/deltanet.hu\/index.php\/wp-json\/wp\/v2\/users\/4"}],"replies":[{"embeddable":true,"href":"https:\/\/deltanet.hu\/index.php\/wp-json\/wp\/v2\/comments?post=9842"}],"version-history":[{"count":10,"href":"https:\/\/deltanet.hu\/index.php\/wp-json\/wp\/v2\/posts\/9842\/revisions"}],"predecessor-version":[{"id":9855,"href":"https:\/\/deltanet.hu\/index.php\/wp-json\/wp\/v2\/posts\/9842\/revisions\/9855"}],"wp:featuredmedia":[{"embeddable":true,"href":"https:\/\/deltanet.hu\/index.php\/wp-json\/wp\/v2\/media\/9846"}],"wp:attachment":[{"href":"https:\/\/deltanet.hu\/index.php\/wp-json\/wp\/v2\/media?parent=9842"}],"wp:term":[{"taxonomy":"category","embeddable":true,"href":"https:\/\/deltanet.hu\/index.php\/wp-json\/wp\/v2\/categories?post=9842"},{"taxonomy":"post_tag","embeddable":true,"href":"https:\/\/deltanet.hu\/index.php\/wp-json\/wp\/v2\/tags?post=9842"}],"curies":[{"name":"wp","href":"https:\/\/api.w.org\/{rel}","templated":true}]}}