{"id":9908,"date":"2022-06-24T09:12:00","date_gmt":"2022-06-24T07:12:00","guid":{"rendered":"http:\/\/deltanet.hu\/?p=9908"},"modified":"2022-06-29T11:33:01","modified_gmt":"2022-06-29T09:33:01","slug":"a-magyarok-negyede-okostelefon-fuggo","status":"publish","type":"post","link":"https:\/\/deltanet.hu\/index.php\/a-magyarok-negyede-okostelefon-fuggo\/","title":{"rendered":"A magyarok negyede okostelefon-f\u00fcgg\u0151"},"content":{"rendered":"\n<p style=\"font-size:17px\">\u00dajabb <strong>statisztik\u00e1k<\/strong> l\u00e1ttak napvil\u00e1got a magyarorsz\u00e1gi okostelefon felhaszn\u00e1l\u00f3k szok\u00e1sair\u00f3l, illetve az okostelefonok \u00e1ltal okozott f\u00fcgg\u0151s\u00e9gr\u0151l. A Nemzeti K\u00f6zszolg\u00e1lati Egyetem Inform\u00e1ci\u00f3s T\u00e1rsadalom Kutat\u00f3int\u00e9zete szerint haz\u00e1nkban m\u00e1r <strong>minden negyedik <\/strong>okostelefon-haszn\u00e1l\u00f3 teljes m\u00e9rt\u00e9kben f\u00fcgg\u0151nek, vagy ink\u00e1bb f\u00fcgg\u0151nek tartja mag\u00e1t.<\/p>\n\n\n\n<p style=\"font-size:17px\">Koroszt\u00e1lyos szintre lebontva a <strong>18-29 \u00e9vesek<\/strong> k\u00f6r\u00e9ben majdnem <strong>minden harmadik<\/strong>, m\u00edg a <strong>30-39 \u00e9ves<\/strong> koroszt\u00e1lyban <strong>t\u00edzb\u0151l n\u00e9gy v\u00e1laszad\u00f3<\/strong> v\u00e9lekedett \u00fagy a felm\u00e9r\u00e9s sor\u00e1n, hogy ink\u00e1bb okostelefon-f\u00fcgg\u0151.<br>A legid\u0151sebbek, a <strong>60 \u00e9ven fel\u00fcliek<\/strong> k\u00f6r\u00e9ben is <strong>majdnem 16%-os<\/strong> az ink\u00e1bb f\u00fcgg\u0151k ar\u00e1nya &#8211; vagyis a legt\u00f6bb f\u00fcgg\u0151 felhaszn\u00e1l\u00f3 a felm\u00e9r\u00e9s alapj\u00e1n nem a legfiatalabb koroszt\u00e1lyb\u00f3l ker\u00fcl ki. <br>Az okostelefon haszn\u00e1lat kiterjedts\u00e9g\u00e9t a mindennapi cselekv\u00e9s sor\u00e1n is m\u00e9rte az int\u00e9zet. <\/p>\n\n\n\n<div class=\"wp-block-image\"><figure class=\"aligncenter size-large\"><img decoding=\"async\" loading=\"lazy\" width=\"800\" height=\"400\" src=\"https:\/\/deltanet.hu\/wp-content\/uploads\/2022\/06\/netpercek_okostelefon_Rajzta\u0301bla-1.jpg\" alt=\"\" class=\"wp-image-9917\" srcset=\"https:\/\/deltanet.hu\/wp-content\/uploads\/2022\/06\/netpercek_okostelefon_Rajzta\u0301bla-1.jpg 800w, https:\/\/deltanet.hu\/wp-content\/uploads\/2022\/06\/netpercek_okostelefon_Rajzta\u0301bla-1-300x150.jpg 300w, https:\/\/deltanet.hu\/wp-content\/uploads\/2022\/06\/netpercek_okostelefon_Rajzta\u0301bla-1-768x384.jpg 768w\" sizes=\"(max-width: 800px) 100vw, 800px\" \/><figcaption>Forr\u00e1s: <br><a href=\"https:\/\/www.uni-nke.hu\/hirek\/2022\/06\/15\/okostelefon-fuggoseg-a-magyar-tarsadalomban\">https:\/\/www.uni-nke.hu\/hirek\/2022\/06\/15\/okostelefon-fuggoseg-a-magyar-tarsadalomban<\/a><\/figcaption><\/figure><\/div>\n\n\n\n<p><\/p>\n\n\n\n<p style=\"font-size:17px\">Az eredm\u00e9nyek szerint az aut\u00f3vezet\u0151k k\u00f6z\u00fcl forgalmi dug\u00f3ban, illetve piros l\u00e1mp\u00e1n\u00e1l minden hetedik rendszeresen ny\u00fal a mobiltelefonj\u00e1hoz, ak\u00e1r \u00fczenetek vagy h\u00edrek olvas\u00e1sa v\u00e9gett.<\/p>\n\n\n\n<p style=\"font-size:17px\">Az el\u0151z\u0151ekn\u00e9l is nagyobb gyakoris\u00e1ggal jelenik meg p\u00f3tcselekv\u00e9sk\u00e9nt az okostelefon-haszn\u00e1lat csal\u00e1di, illetve bar\u00e1ti besz\u00e9lget\u00e9sek sor\u00e1n: minden \u00f6t\u00f6dik v\u00e1laszad\u00f3 ha ad\u00f3dott r\u00e1 lehet\u0151s\u00e9ge t\u00f6bbsz\u00f6r is el\u0151vette az okostelefonj\u00e1t.<br><br><strong>Filmn\u00e9z\u00e9s, \u00e9tkez\u00e9s k\u00f6zben ezek az ar\u00e1nyok m\u00e9g magasabb \u00e9rt\u00e9keket mutatnak:<\/strong> gyakorlatilag minden m\u00e1sodik 40 \u00e9ven alulira igaz \u00e1ll\u00edt\u00e1s, hogy az \u00e9rintett h\u00f3napban nem n\u00e9zett filmet vagy nem \u00e9tkezett an\u00e9lk\u00fcl, hogy ne pillantott volna r\u00e1 legal\u00e1bb egy alkalommal a telefonj\u00e1ra.<\/p>\n\n\n\n<p style=\"font-size:17px\">Az okostelefon-f\u00fcgg\u0151s\u00e9g kapcs\u00e1n 2019-ben v\u00e9gzett \u00e1tfog\u00f3 kutat\u00e1sb\u00f3l t\u00f6bbek k\u00f6zt kider\u00fclt, hogy a v\u00e1laszad\u00f3k 71 sz\u00e1zal\u00e9ka szinte soha nem kapcsolja ki okostelefonj\u00e1t, t\u00f6bb, mint fele pedig \u00e9jszaka is maga mellett tartja.<\/p>\n\n\n\n<p>Forr\u00e1s: <a href=\"https:\/\/www.hwsw.hu\/hirek\/64765\/okostelefon-fugges-kutatas-nke-itki-felhasznaloi-szokasok.html\">https:\/\/www.hwsw.hu\/hirek\/64765\/okostelefon-fugges-kutatas-nke-itki-felhasznaloi-szokasok.html<\/a><\/p>\n\n\n\n<p>A jelent\u00e9s let\u00f6lthet\u0151 innen:&nbsp;<a href=\"https:\/\/itki.uni-nke.hu\/document\/itki-uni-nke-hu\/ITKI_fuggosegi%20jelentes.pdf\">Okostelefon-f\u00fcgg\u0151s\u00e9g a magyar t\u00e1rsadalomban<\/a>&nbsp;<\/p>\n","protected":false},"excerpt":{"rendered":"<p>\u00dajabb statisztik\u00e1k l\u00e1ttak napvil\u00e1got a magyarorsz\u00e1gi okostelefon felhaszn\u00e1l\u00f3k szok\u00e1sair\u00f3l, illetve az okostelefonok \u00e1ltal okozott f\u00fcgg\u0151s\u00e9gr\u0151l. A Nemzeti K\u00f6zszolg\u00e1lati Egyetem Inform\u00e1ci\u00f3s T\u00e1rsadalom Kutat\u00f3int\u00e9zete szerint haz\u00e1nkban m\u00e1r<\/p>\n","protected":false},"author":4,"featured_media":9922,"comment_status":"closed","ping_status":"closed","sticky":false,"template":"","format":"standard","meta":{"_mi_skip_tracking":false},"categories":[1320,35,4,37,1334],"tags":[],"_links":{"self":[{"href":"https:\/\/deltanet.hu\/index.php\/wp-json\/wp\/v2\/posts\/9908"}],"collection":[{"href":"https:\/\/deltanet.hu\/index.php\/wp-json\/wp\/v2\/posts"}],"about":[{"href":"https:\/\/deltanet.hu\/index.php\/wp-json\/wp\/v2\/types\/post"}],"author":[{"embeddable":true,"href":"https:\/\/deltanet.hu\/index.php\/wp-json\/wp\/v2\/users\/4"}],"replies":[{"embeddable":true,"href":"https:\/\/deltanet.hu\/index.php\/wp-json\/wp\/v2\/comments?post=9908"}],"version-history":[{"count":24,"href":"https:\/\/deltanet.hu\/index.php\/wp-json\/wp\/v2\/posts\/9908\/revisions"}],"predecessor-version":[{"id":9952,"href":"https:\/\/deltanet.hu\/index.php\/wp-json\/wp\/v2\/posts\/9908\/revisions\/9952"}],"wp:featuredmedia":[{"embeddable":true,"href":"https:\/\/deltanet.hu\/index.php\/wp-json\/wp\/v2\/media\/9922"}],"wp:attachment":[{"href":"https:\/\/deltanet.hu\/index.php\/wp-json\/wp\/v2\/media?parent=9908"}],"wp:term":[{"taxonomy":"category","embeddable":true,"href":"https:\/\/deltanet.hu\/index.php\/wp-json\/wp\/v2\/categories?post=9908"},{"taxonomy":"post_tag","embeddable":true,"href":"https:\/\/deltanet.hu\/index.php\/wp-json\/wp\/v2\/tags?post=9908"}],"curies":[{"name":"wp","href":"https:\/\/api.w.org\/{rel}","templated":true}]}}